{"id":3808,"date":"2020-01-14T10:21:32","date_gmt":"2020-01-14T10:21:32","guid":{"rendered":"https:\/\/hotelalpi.com\/mostra-raffaello-a-roma\/"},"modified":"2022-04-04T15:15:51","modified_gmt":"2022-04-04T15:15:51","slug":"mostra-raffaello-a-roma","status":"publish","type":"post","link":"https:\/\/www.hotelalpi.com\/it\/mostra-raffaello-a-roma\/","title":{"rendered":"Mostra Raffaello a Roma"},"content":{"rendered":"<p>Una delle pi\u00f9 imponenti mostre dedicate a Raffaello aprir\u00e0 a Roma dal 5 Marzo al 2 Giugno presso le Scuderie del Quirinale.<\/p>\n<p>Un&#8217;occasione unica, resa possibile dal lavoro di musei italiani e internazionali tra i quali il Louvre di Parigi, la National gallery di Londra, il Prado di Madrid e diversi musei italiani come Gli Uffizi, la Pinacoteca di Bologna e molti altri, che arricchiranno la mostra con i\u00a0propri capolavori di Raffaello.<\/p>\n<p><a href=\"https:\/\/www.hotelalpi.com\/wp-content\/uploads\/2022\/04\/mostra_raffaello_roma.jpg\" data-lbwps-width=\"800\" data-lbwps-height=\"548\" data-lbwps-srcsmall=\"https:\/\/www.hotelalpi.com\/wp-content\/uploads\/2022\/04\/mostra_raffaello_roma-300x206.jpg\"><img decoding=\"async\" class=\"img-responsive size-full wp-image-3362\" src=\"https:\/\/www.hotelalpi.com\/wp-content\/uploads\/2022\/04\/mostra_raffaello_roma.jpg\" alt=\"mostra_raffaello_roma\" \/><\/a><\/p>\n<p>La mostra presenter\u00e0 200 capolavori del pittore simbolo del rinascimento in occasione delle celebrazioni mondiali per i 500 anni dalla sua\u00a0morte,\u00a0avvenuta proprio a Roma il 6 Aprile del 1520, a soli 37 anni.<\/p>\n<p>Raffaello Sanzio, conosciuto universalmente come Raffaello, nasce a Urbino, in Umbria, che in quegli anni era al centro della poderosa rivoluzione rinascimentale che segn\u00f2 il mondo intero. In Umbria si form\u00f2 avendo la possibilit\u00e0 di studiare artisti come Piero della Francesca, per arrivare poi nella scuola del Perugino. Raffaello lavor\u00f2 con grande successo in tutta Italia prima di arrivare a Roma agli inizi del 1500, chiamato dal Papa Giulio II su suggerimento, cos\u00ec si narra, proprio del Bramante che assieme a Michelangelo arricchiva gi\u00e0 la corte papale.<\/p>\n<p><a href=\"https:\/\/www.hotelalpi.com\/wp-content\/uploads\/2022\/04\/Rome_exhibition_raffaello.jpg\" data-lbwps-width=\"800\" data-lbwps-height=\"548\" data-lbwps-srcsmall=\"https:\/\/www.hotelalpi.com\/wp-content\/uploads\/2022\/04\/Rome_exhibition_raffaello-300x206.jpg\"><img decoding=\"async\" class=\"img-responsive size-full wp-image-3363\" src=\"https:\/\/www.hotelalpi.com\/wp-content\/uploads\/2022\/04\/Rome_exhibition_raffaello.jpg\" alt=\"Rome_exhibition_raffaello\" \/><\/a><\/p>\n<p>&nbsp;<\/p>\n<p>Tra le tante opere di Raffaello c&#8217;\u00e8 stata anche la collaborazione per la basilica di San Pietro, e tanti famosi palazzi Romani.<\/p>\n<p>&nbsp;<\/p>\n<p><a href=\"https:\/\/www.hotelalpi.com\/wp-content\/uploads\/2022\/04\/Raffaello_Sanzio_rome.jpg\" data-lbwps-width=\"800\" data-lbwps-height=\"548\" data-lbwps-srcsmall=\"https:\/\/www.hotelalpi.com\/wp-content\/uploads\/2022\/04\/Raffaello_Sanzio_rome-300x206.jpg\"><img decoding=\"async\" class=\"img-responsive size-full wp-image-3364\" src=\"https:\/\/www.hotelalpi.com\/wp-content\/uploads\/2022\/04\/Raffaello_Sanzio_rome.jpg\" alt=\"Raffaello_Sanzio_rome\" \/><\/a><\/p>\n<p>Noi del Boutique Hotel Alpi vogliamo celebrare con voi i 500 anni dalla morte di Raffaello. Le scuderie del Quirinale sono vicinissime al nostro Hotel e a Termini. Prenotate subito la visita e ricordate il nostro promo-code &#8220;AlpiRoma&#8221; per avere il miglior prezzo disponibile on-line.<\/p>\n<p>Vi aspettiamo! Evviva Raffaello.<\/p>\n","protected":false},"excerpt":{"rendered":"<p>Una delle pi\u00f9 imponenti mostre dedicate a Raffaello aprir\u00e0 a Roma dal 5 Marzo al 2 Giugno presso le Scuderie del Quirinale. Un&#8217;occasione unica, resa possibile dal lavoro di musei italiani e internazionali tra i quali il Louvre di Parigi, la National gallery di Londra, il Prado di Madrid e diversi musei italiani come Gli [&hellip;]<\/p>\n","protected":false},"author":2,"featured_media":3812,"comment_status":"open","ping_status":"open","sticky":false,"template":"","format":"standard","meta":{"_acf_changed":false,"footnotes":""},"categories":[],"tags":[],"class_list":["post-3808","post","type-post","status-publish","format-standard","has-post-thumbnail","hentry"],"acf":[],"yoast_head":"<!-- This site is optimized with the Yoast SEO plugin v25.3.1 - https:\/\/yoast.com\/wordpress\/plugins\/seo\/ -->\n<title>Mostra Raffaello a Roma - Hotel Alpi Roma<\/title>\n<meta name=\"robots\" content=\"index, follow, max-snippet:-1, max-image-preview:large, max-video-preview:-1\" \/>\n<link rel=\"canonical\" href=\"https:\/\/www.hotelalpi.com\/it\/mostra-raffaello-a-roma\/\" \/>\n<meta property=\"og:locale\" content=\"it_IT\" \/>\n<meta property=\"og:type\" content=\"article\" \/>\n<meta property=\"og:title\" content=\"Mostra Raffaello a Roma - Hotel Alpi Roma\" \/>\n<meta property=\"og:description\" content=\"Una delle pi\u00f9 imponenti mostre dedicate a Raffaello aprir\u00e0 a Roma dal 5 Marzo al 2 Giugno presso le Scuderie del Quirinale. Un&#8217;occasione unica, resa possibile dal lavoro di musei italiani e internazionali tra i quali il Louvre di Parigi, la National gallery di Londra, il Prado di Madrid e diversi musei italiani come Gli [&hellip;]\" \/>\n<meta property=\"og:url\" content=\"https:\/\/www.hotelalpi.com\/it\/mostra-raffaello-a-roma\/\" \/>\n<meta property=\"og:site_name\" content=\"Hotel Alpi Roma\" \/>\n<meta property=\"article:published_time\" content=\"2020-01-14T10:21:32+00:00\" \/>\n<meta property=\"article:modified_time\" content=\"2022-04-04T15:15:51+00:00\" \/>\n<meta property=\"og:image\" content=\"https:\/\/www.hotelalpi.com\/wp-content\/uploads\/2022\/04\/Raffaello_a_roma.jpg\" \/>\n\t<meta property=\"og:image:width\" content=\"1628\" \/>\n\t<meta property=\"og:image:height\" content=\"816\" \/>\n\t<meta property=\"og:image:type\" content=\"image\/jpeg\" \/>\n<meta name=\"author\" content=\"sviluppatore\" \/>\n<meta name=\"twitter:card\" content=\"summary_large_image\" \/>\n<meta name=\"twitter:label1\" content=\"Scritto da\" \/>\n\t<meta name=\"twitter:data1\" content=\"sviluppatore\" \/>\n\t<meta name=\"twitter:label2\" content=\"Tempo di lettura stimato\" \/>\n\t<meta name=\"twitter:data2\" content=\"1 minuto\" \/>\n<script type=\"application\/ld+json\" class=\"yoast-schema-graph\">{\"@context\":\"https:\/\/schema.org\",\"@graph\":[{\"@type\":\"Article\",\"@id\":\"https:\/\/www.hotelalpi.com\/it\/mostra-raffaello-a-roma\/#article\",\"isPartOf\":{\"@id\":\"https:\/\/www.hotelalpi.com\/it\/mostra-raffaello-a-roma\/\"},\"author\":{\"name\":\"sviluppatore\",\"@id\":\"https:\/\/www.hotelalpi.com\/it\/#\/schema\/person\/a67177dbfe8ef96e576e2134dad001b2\"},\"headline\":\"Mostra Raffaello a Roma\",\"datePublished\":\"2020-01-14T10:21:32+00:00\",\"dateModified\":\"2022-04-04T15:15:51+00:00\",\"mainEntityOfPage\":{\"@id\":\"https:\/\/www.hotelalpi.com\/it\/mostra-raffaello-a-roma\/\"},\"wordCount\":264,\"commentCount\":0,\"publisher\":{\"@id\":\"https:\/\/www.hotelalpi.com\/it\/#organization\"},\"image\":{\"@id\":\"https:\/\/www.hotelalpi.com\/it\/mostra-raffaello-a-roma\/#primaryimage\"},\"thumbnailUrl\":\"https:\/\/www.hotelalpi.com\/wp-content\/uploads\/2022\/04\/Raffaello_a_roma.jpg\",\"inLanguage\":\"it-IT\"},{\"@type\":\"WebPage\",\"@id\":\"https:\/\/www.hotelalpi.com\/it\/mostra-raffaello-a-roma\/\",\"url\":\"https:\/\/www.hotelalpi.com\/it\/mostra-raffaello-a-roma\/\",\"name\":\"Mostra Raffaello a Roma - Hotel Alpi Roma\",\"isPartOf\":{\"@id\":\"https:\/\/www.hotelalpi.com\/it\/#website\"},\"primaryImageOfPage\":{\"@id\":\"https:\/\/www.hotelalpi.com\/it\/mostra-raffaello-a-roma\/#primaryimage\"},\"image\":{\"@id\":\"https:\/\/www.hotelalpi.com\/it\/mostra-raffaello-a-roma\/#primaryimage\"},\"thumbnailUrl\":\"https:\/\/www.hotelalpi.com\/wp-content\/uploads\/2022\/04\/Raffaello_a_roma.jpg\",\"datePublished\":\"2020-01-14T10:21:32+00:00\",\"dateModified\":\"2022-04-04T15:15:51+00:00\",\"breadcrumb\":{\"@id\":\"https:\/\/www.hotelalpi.com\/it\/mostra-raffaello-a-roma\/#breadcrumb\"},\"inLanguage\":\"it-IT\",\"potentialAction\":[{\"@type\":\"ReadAction\",\"target\":[\"https:\/\/www.hotelalpi.com\/it\/mostra-raffaello-a-roma\/\"]}]},{\"@type\":\"ImageObject\",\"inLanguage\":\"it-IT\",\"@id\":\"https:\/\/www.hotelalpi.com\/it\/mostra-raffaello-a-roma\/#primaryimage\",\"url\":\"https:\/\/www.hotelalpi.com\/wp-content\/uploads\/2022\/04\/Raffaello_a_roma.jpg\",\"contentUrl\":\"https:\/\/www.hotelalpi.com\/wp-content\/uploads\/2022\/04\/Raffaello_a_roma.jpg\",\"width\":1628,\"height\":816},{\"@type\":\"BreadcrumbList\",\"@id\":\"https:\/\/www.hotelalpi.com\/it\/mostra-raffaello-a-roma\/#breadcrumb\",\"itemListElement\":[{\"@type\":\"ListItem\",\"position\":1,\"name\":\"Home\",\"item\":\"https:\/\/www.hotelalpi.com\/it\/\"},{\"@type\":\"ListItem\",\"position\":2,\"name\":\"Mostra Raffaello a Roma\"}]},{\"@type\":\"WebSite\",\"@id\":\"https:\/\/www.hotelalpi.com\/it\/#website\",\"url\":\"https:\/\/www.hotelalpi.com\/it\/\",\"name\":\"Hotel Alpi Roma\",\"description\":\"\",\"publisher\":{\"@id\":\"https:\/\/www.hotelalpi.com\/it\/#organization\"},\"potentialAction\":[{\"@type\":\"SearchAction\",\"target\":{\"@type\":\"EntryPoint\",\"urlTemplate\":\"https:\/\/www.hotelalpi.com\/it\/?s={search_term_string}\"},\"query-input\":{\"@type\":\"PropertyValueSpecification\",\"valueRequired\":true,\"valueName\":\"search_term_string\"}}],\"inLanguage\":\"it-IT\"},{\"@type\":\"Organization\",\"@id\":\"https:\/\/www.hotelalpi.com\/it\/#organization\",\"name\":\"Hotel Alpi Roma\",\"url\":\"https:\/\/www.hotelalpi.com\/it\/\",\"logo\":{\"@type\":\"ImageObject\",\"inLanguage\":\"it-IT\",\"@id\":\"https:\/\/www.hotelalpi.com\/it\/#\/schema\/logo\/image\/\",\"url\":\"https:\/\/www.hotelalpi.com\/wp-content\/uploads\/2020\/09\/logo_alpihotel.png\",\"contentUrl\":\"https:\/\/www.hotelalpi.com\/wp-content\/uploads\/2020\/09\/logo_alpihotel.png\",\"width\":118,\"height\":98,\"caption\":\"Hotel Alpi Roma\"},\"image\":{\"@id\":\"https:\/\/www.hotelalpi.com\/it\/#\/schema\/logo\/image\/\"}},{\"@type\":\"Person\",\"@id\":\"https:\/\/www.hotelalpi.com\/it\/#\/schema\/person\/a67177dbfe8ef96e576e2134dad001b2\",\"name\":\"sviluppatore\",\"image\":{\"@type\":\"ImageObject\",\"inLanguage\":\"it-IT\",\"@id\":\"https:\/\/www.hotelalpi.com\/it\/#\/schema\/person\/image\/\",\"url\":\"https:\/\/www.hotelalpi.com\/wp-content\/litespeed\/avatar\/4e8fe51ed6805ab8683e7c844867b96e.jpg?ver=1777632698\",\"contentUrl\":\"https:\/\/www.hotelalpi.com\/wp-content\/litespeed\/avatar\/4e8fe51ed6805ab8683e7c844867b96e.jpg?ver=1777632698\",\"caption\":\"sviluppatore\"}}]}<\/script>\n<!-- \/ Yoast SEO plugin. -->","yoast_head_json":{"title":"Mostra Raffaello a Roma - Hotel Alpi Roma","robots":{"index":"index","follow":"follow","max-snippet":"max-snippet:-1","max-image-preview":"max-image-preview:large","max-video-preview":"max-video-preview:-1"},"canonical":"https:\/\/www.hotelalpi.com\/it\/mostra-raffaello-a-roma\/","og_locale":"it_IT","og_type":"article","og_title":"Mostra Raffaello a Roma - Hotel Alpi Roma","og_description":"Una delle pi\u00f9 imponenti mostre dedicate a Raffaello aprir\u00e0 a Roma dal 5 Marzo al 2 Giugno presso le Scuderie del Quirinale. Un&#8217;occasione unica, resa possibile dal lavoro di musei italiani e internazionali tra i quali il Louvre di Parigi, la National gallery di Londra, il Prado di Madrid e diversi musei italiani come Gli [&hellip;]","og_url":"https:\/\/www.hotelalpi.com\/it\/mostra-raffaello-a-roma\/","og_site_name":"Hotel Alpi Roma","article_published_time":"2020-01-14T10:21:32+00:00","article_modified_time":"2022-04-04T15:15:51+00:00","og_image":[{"width":1628,"height":816,"url":"https:\/\/www.hotelalpi.com\/wp-content\/uploads\/2022\/04\/Raffaello_a_roma.jpg","type":"image\/jpeg"}],"author":"sviluppatore","twitter_card":"summary_large_image","twitter_misc":{"Scritto da":"sviluppatore","Tempo di lettura stimato":"1 minuto"},"schema":{"@context":"https:\/\/schema.org","@graph":[{"@type":"Article","@id":"https:\/\/www.hotelalpi.com\/it\/mostra-raffaello-a-roma\/#article","isPartOf":{"@id":"https:\/\/www.hotelalpi.com\/it\/mostra-raffaello-a-roma\/"},"author":{"name":"sviluppatore","@id":"https:\/\/www.hotelalpi.com\/it\/#\/schema\/person\/a67177dbfe8ef96e576e2134dad001b2"},"headline":"Mostra Raffaello a Roma","datePublished":"2020-01-14T10:21:32+00:00","dateModified":"2022-04-04T15:15:51+00:00","mainEntityOfPage":{"@id":"https:\/\/www.hotelalpi.com\/it\/mostra-raffaello-a-roma\/"},"wordCount":264,"commentCount":0,"publisher":{"@id":"https:\/\/www.hotelalpi.com\/it\/#organization"},"image":{"@id":"https:\/\/www.hotelalpi.com\/it\/mostra-raffaello-a-roma\/#primaryimage"},"thumbnailUrl":"https:\/\/www.hotelalpi.com\/wp-content\/uploads\/2022\/04\/Raffaello_a_roma.jpg","inLanguage":"it-IT"},{"@type":"WebPage","@id":"https:\/\/www.hotelalpi.com\/it\/mostra-raffaello-a-roma\/","url":"https:\/\/www.hotelalpi.com\/it\/mostra-raffaello-a-roma\/","name":"Mostra Raffaello a Roma - Hotel Alpi Roma","isPartOf":{"@id":"https:\/\/www.hotelalpi.com\/it\/#website"},"primaryImageOfPage":{"@id":"https:\/\/www.hotelalpi.com\/it\/mostra-raffaello-a-roma\/#primaryimage"},"image":{"@id":"https:\/\/www.hotelalpi.com\/it\/mostra-raffaello-a-roma\/#primaryimage"},"thumbnailUrl":"https:\/\/www.hotelalpi.com\/wp-content\/uploads\/2022\/04\/Raffaello_a_roma.jpg","datePublished":"2020-01-14T10:21:32+00:00","dateModified":"2022-04-04T15:15:51+00:00","breadcrumb":{"@id":"https:\/\/www.hotelalpi.com\/it\/mostra-raffaello-a-roma\/#breadcrumb"},"inLanguage":"it-IT","potentialAction":[{"@type":"ReadAction","target":["https:\/\/www.hotelalpi.com\/it\/mostra-raffaello-a-roma\/"]}]},{"@type":"ImageObject","inLanguage":"it-IT","@id":"https:\/\/www.hotelalpi.com\/it\/mostra-raffaello-a-roma\/#primaryimage","url":"https:\/\/www.hotelalpi.com\/wp-content\/uploads\/2022\/04\/Raffaello_a_roma.jpg","contentUrl":"https:\/\/www.hotelalpi.com\/wp-content\/uploads\/2022\/04\/Raffaello_a_roma.jpg","width":1628,"height":816},{"@type":"BreadcrumbList","@id":"https:\/\/www.hotelalpi.com\/it\/mostra-raffaello-a-roma\/#breadcrumb","itemListElement":[{"@type":"ListItem","position":1,"name":"Home","item":"https:\/\/www.hotelalpi.com\/it\/"},{"@type":"ListItem","position":2,"name":"Mostra Raffaello a Roma"}]},{"@type":"WebSite","@id":"https:\/\/www.hotelalpi.com\/it\/#website","url":"https:\/\/www.hotelalpi.com\/it\/","name":"Hotel Alpi Roma","description":"","publisher":{"@id":"https:\/\/www.hotelalpi.com\/it\/#organization"},"potentialAction":[{"@type":"SearchAction","target":{"@type":"EntryPoint","urlTemplate":"https:\/\/www.hotelalpi.com\/it\/?s={search_term_string}"},"query-input":{"@type":"PropertyValueSpecification","valueRequired":true,"valueName":"search_term_string"}}],"inLanguage":"it-IT"},{"@type":"Organization","@id":"https:\/\/www.hotelalpi.com\/it\/#organization","name":"Hotel Alpi Roma","url":"https:\/\/www.hotelalpi.com\/it\/","logo":{"@type":"ImageObject","inLanguage":"it-IT","@id":"https:\/\/www.hotelalpi.com\/it\/#\/schema\/logo\/image\/","url":"https:\/\/www.hotelalpi.com\/wp-content\/uploads\/2020\/09\/logo_alpihotel.png","contentUrl":"https:\/\/www.hotelalpi.com\/wp-content\/uploads\/2020\/09\/logo_alpihotel.png","width":118,"height":98,"caption":"Hotel Alpi Roma"},"image":{"@id":"https:\/\/www.hotelalpi.com\/it\/#\/schema\/logo\/image\/"}},{"@type":"Person","@id":"https:\/\/www.hotelalpi.com\/it\/#\/schema\/person\/a67177dbfe8ef96e576e2134dad001b2","name":"sviluppatore","image":{"@type":"ImageObject","inLanguage":"it-IT","@id":"https:\/\/www.hotelalpi.com\/it\/#\/schema\/person\/image\/","url":"https:\/\/www.hotelalpi.com\/wp-content\/litespeed\/avatar\/4e8fe51ed6805ab8683e7c844867b96e.jpg?ver=1777632698","contentUrl":"https:\/\/www.hotelalpi.com\/wp-content\/litespeed\/avatar\/4e8fe51ed6805ab8683e7c844867b96e.jpg?ver=1777632698","caption":"sviluppatore"}}]}},"_links":{"self":[{"href":"https:\/\/www.hotelalpi.com\/it\/wp-json\/wp\/v2\/posts\/3808","targetHints":{"allow":["GET"]}}],"collection":[{"href":"https:\/\/www.hotelalpi.com\/it\/wp-json\/wp\/v2\/posts"}],"about":[{"href":"https:\/\/www.hotelalpi.com\/it\/wp-json\/wp\/v2\/types\/post"}],"author":[{"embeddable":true,"href":"https:\/\/www.hotelalpi.com\/it\/wp-json\/wp\/v2\/users\/2"}],"replies":[{"embeddable":true,"href":"https:\/\/www.hotelalpi.com\/it\/wp-json\/wp\/v2\/comments?post=3808"}],"version-history":[{"count":2,"href":"https:\/\/www.hotelalpi.com\/it\/wp-json\/wp\/v2\/posts\/3808\/revisions"}],"predecessor-version":[{"id":8273,"href":"https:\/\/www.hotelalpi.com\/it\/wp-json\/wp\/v2\/posts\/3808\/revisions\/8273"}],"wp:featuredmedia":[{"embeddable":true,"href":"https:\/\/www.hotelalpi.com\/it\/wp-json\/wp\/v2\/media\/3812"}],"wp:attachment":[{"href":"https:\/\/www.hotelalpi.com\/it\/wp-json\/wp\/v2\/media?parent=3808"}],"wp:term":[{"taxonomy":"category","embeddable":true,"href":"https:\/\/www.hotelalpi.com\/it\/wp-json\/wp\/v2\/categories?post=3808"},{"taxonomy":"post_tag","embeddable":true,"href":"https:\/\/www.hotelalpi.com\/it\/wp-json\/wp\/v2\/tags?post=3808"}],"curies":[{"name":"wp","href":"https:\/\/api.w.org\/{rel}","templated":true}]}}