{"id":3567,"date":"2017-07-21T12:20:27","date_gmt":"2017-07-21T12:20:27","guid":{"rendered":"https:\/\/hotelalpi.com\/eventi-romani-autunno-e-inverno-2017\/"},"modified":"2022-04-04T15:15:27","modified_gmt":"2022-04-04T15:15:27","slug":"eventi-romani-autunno-e-inverno-2017","status":"publish","type":"post","link":"https:\/\/www.hotelalpi.com\/it\/eventi-romani-autunno-e-inverno-2017\/","title":{"rendered":"Eventi Romani &#8211; Autunno e Inverno 2017"},"content":{"rendered":"<p>Una stagione fitta di eventi per l&#8217;autunno 2017 e il 2018 Romano. Roma si prepara a rientrare dalle vacanze e ripartire, come sempre, con una stagione di grandi eventi, concerti, danza, sport, mostre ecc. Una citt\u00e0 che non si ferma noi e che non vuole fermarsi, come tutte le grandi metropoli del mondo. Con in pi\u00f9 le atmosfere magiche che vengono dal passato, i suoi vicoli, i bar e le tradizioni romane.<\/p>\n<p>Un&#8217;occasione in pi\u00f9 per venire a Roma non solo per visitare le sue bellezze, ma per vivere i ritmi e le occasioni che solo una grande citt\u00e0 pu\u00f2 dare.<br \/>\n<strong>Settembre &#8211; Eventi a Roma<\/strong><br \/>\nSi comincia subito a Settembre con la grande <strong>Danza<\/strong> del Teatro dell&#8217;Opera di Roma che mette in scena una serie di spettacoli prestigiosi. Partendo con l&#8217;omaggio al pi\u00f9 grande coreografo del 900, <a href=\"http:\/\/www.operaroma.it\/spettacoli\/soiree-roland-petit\/\" target=\"_blank\">Roland Petit<\/a>. Un&#8217;occasione unica per vedere i pi\u00f9 bei balletti delle sue &#8220;<strong>L\u2019Arl\u00e9sienne&#8221; <\/strong>o<strong>\u00a0&#8220;Carmen&#8221;.\u00a0<\/strong>Le serate saranno a partire dall&#8217; 8 al 14 Settembre.<br \/>\nDal 20 al 24 Settembre sar\u00e0 di scena, sempre al teatro dell&#8217;Opera di Roma, <strong>Giselle<\/strong>.<\/p>\n<p><a href=\"https:\/\/www.hotelalpi.com\/wp-content\/uploads\/2022\/04\/ballet.jpg\" data-lbwps-width=\"600\" data-lbwps-height=\"399\" data-lbwps-srcsmall=\"https:\/\/www.hotelalpi.com\/wp-content\/uploads\/2022\/04\/ballet-300x200.jpg\"><img decoding=\"async\" class=\"img-responsive wp-image-2944\" src=\"https:\/\/www.hotelalpi.com\/wp-content\/uploads\/2022\/04\/ballet.jpg\" alt=\"ballet_roma_2017\" \/><\/a><\/p>\n<p>Ligabue a Roma! Sempre a Settembre 3 serate organizzate dal celebre cantante italiano al PalaLottomatica dell&#8217;Eur, comodamente raggiungibile dall&#8217;Hotel Alpi in Metro a partire dalla stazione termini.<\/p>\n<p>Sempre a Settembre due grandi eventi di Sport: la Roma Half Marathon, il 17 Settembre, e<\/p>\n<p>Ottobre &#8211; Eventi a Roma<br \/>\nA Ottobre la protagonista sar\u00e0 la Grande Musica. Il 3 Ottobre all&#8217;Auditorium Parco della Musica si esibiranno i Marillion e Paolo Fresu. Il 15 Ottobre sar\u00e0 la volta di Stefano Bollani.<\/p>\n<p><a href=\"https:\/\/www.hotelalpi.com\/wp-content\/uploads\/2022\/04\/music.jpg\" data-lbwps-width=\"600\" data-lbwps-height=\"399\" data-lbwps-srcsmall=\"https:\/\/www.hotelalpi.com\/wp-content\/uploads\/2022\/04\/music-300x200.jpg\"><img decoding=\"async\" class=\"img-responsive wp-image-2946\" src=\"https:\/\/www.hotelalpi.com\/wp-content\/uploads\/2022\/04\/music.jpg\" alt=\"musica_roma_autunno_2017\" \/><\/a><\/p>\n<p>&nbsp;<\/p>\n<p>A Ottobre saremo entrati anche nella stagione dello Sport. Non solo il grande Calcio delle due squadre romane, una impegnata anche in Champions League. A Settembre e Otttobre \u00e8 prevista la fase a gironi della Champions League, allo stadio Olimpico di Roma.<\/p>\n<p>Nel frattempo l&#8217;anima artistica della capitale continua a organizzare mostre ed eventi.\u00a0Dal Giorgione alla mostra dedicata ad Hokusai, il celebre maestro giapponese, in scena all&#8217;Ara Pacis. Le Scuderie del Quirinale invece esporranno le opere di Picasso, a partire dal 21 Settembre.<br \/>\nE ancora:<\/p>\n<p>Monet &#8211; Dal 19 Ottobre al Complesso del Vittoriano<br \/>\nBernini &#8211; Villa Borghese, dal 27 Ottobre ai primi mesi del 2018<br \/>\nWinckelmann &#8211; Musei Capitolini, da fine Settembre<br \/>\nCanaletto &#8211; a Palazzo Braschi a partire da Febbraio 2018<\/p>\n<p>Novembre &#8211; Eventi a Roma<br \/>\nAnche Novembre sar\u00e0 un mese di grande musica, con l&#8217;arrivo di star internazionali come Bryan Adams e Nick Cave, rispettivamente l&#8217;8 Novembre e il 14 Novembre a Roma.<br \/>\nJames Blunt sar\u00e0 in scena il 12 Novembre, mentre, per quanto riguarda i grandi musicisti italiani, Caparezza si esibir\u00e0 il 29, Edoardo Bennato il giorno 11 e Niccol\u00f2 Fabi il 26, sempre di Novembre.<\/p>\n<p>Dicembre &#8211; Marzo 2018<br \/>\nIl periodo pi\u00f9 intenso dell&#8217;anno, tra capodanno, lo shopping per i regali e quindi i Saldi invernali a Roma. A Febbraio e Marzo Roma ospiter\u00e0 come sempre il torneo 6 Nazioni di Rugby, con due partite contro Inghilterra e Scozia. Anche questa sar\u00e0 una splendida occasione di festeggiare assieme ai tifosi ospiti, come sempre succede, per le vie di Roma.<\/p>\n<p>Che aspettate. Roma e il suo dinamismo vi aspettano. Immergetevi assieme a noi in questo turbinio di occasioni ed esperienze nella magica cornice romana.<\/p>\n","protected":false},"excerpt":{"rendered":"<p>Una stagione fitta di eventi per l&#8217;autunno 2017 e il 2018 Romano. Roma si prepara a rientrare dalle vacanze e ripartire, come sempre, con una stagione di grandi eventi, concerti, danza, sport, mostre ecc. Una citt\u00e0 che non si ferma noi e che non vuole fermarsi, come tutte le grandi metropoli del mondo. Con in [&hellip;]<\/p>\n","protected":false},"author":2,"featured_media":3570,"comment_status":"open","ping_status":"open","sticky":false,"template":"","format":"standard","meta":{"_acf_changed":false,"footnotes":""},"categories":[44],"tags":[],"class_list":["post-3567","post","type-post","status-publish","format-standard","has-post-thumbnail","hentry","category-scopri-roma"],"acf":[],"yoast_head":"<!-- This site is optimized with the Yoast SEO plugin v25.3.1 - https:\/\/yoast.com\/wordpress\/plugins\/seo\/ -->\n<title>Eventi Romani - Autunno e Inverno 2017 - Hotel Alpi Roma<\/title>\n<meta name=\"robots\" content=\"index, follow, max-snippet:-1, max-image-preview:large, max-video-preview:-1\" \/>\n<link rel=\"canonical\" href=\"https:\/\/www.hotelalpi.com\/it\/eventi-romani-autunno-e-inverno-2017\/\" \/>\n<meta property=\"og:locale\" content=\"it_IT\" \/>\n<meta property=\"og:type\" content=\"article\" \/>\n<meta property=\"og:title\" content=\"Eventi Romani - Autunno e Inverno 2017 - Hotel Alpi Roma\" \/>\n<meta property=\"og:description\" content=\"Una stagione fitta di eventi per l&#8217;autunno 2017 e il 2018 Romano. Roma si prepara a rientrare dalle vacanze e ripartire, come sempre, con una stagione di grandi eventi, concerti, danza, sport, mostre ecc. Una citt\u00e0 che non si ferma noi e che non vuole fermarsi, come tutte le grandi metropoli del mondo. Con in [&hellip;]\" \/>\n<meta property=\"og:url\" content=\"https:\/\/www.hotelalpi.com\/it\/eventi-romani-autunno-e-inverno-2017\/\" \/>\n<meta property=\"og:site_name\" content=\"Hotel Alpi Roma\" \/>\n<meta property=\"article:published_time\" content=\"2017-07-21T12:20:27+00:00\" \/>\n<meta property=\"article:modified_time\" content=\"2022-04-04T15:15:27+00:00\" \/>\n<meta property=\"og:image\" content=\"https:\/\/www.hotelalpi.com\/wp-content\/uploads\/2022\/04\/renaissance.jpg\" \/>\n\t<meta property=\"og:image:width\" content=\"1600\" \/>\n\t<meta property=\"og:image:height\" content=\"836\" \/>\n\t<meta property=\"og:image:type\" content=\"image\/jpeg\" \/>\n<meta name=\"author\" content=\"sviluppatore\" \/>\n<meta name=\"twitter:card\" content=\"summary_large_image\" \/>\n<meta name=\"twitter:label1\" content=\"Scritto da\" \/>\n\t<meta name=\"twitter:data1\" content=\"sviluppatore\" \/>\n\t<meta name=\"twitter:label2\" content=\"Tempo di lettura stimato\" \/>\n\t<meta name=\"twitter:data2\" content=\"3 minuti\" \/>\n<script type=\"application\/ld+json\" class=\"yoast-schema-graph\">{\"@context\":\"https:\/\/schema.org\",\"@graph\":[{\"@type\":\"Article\",\"@id\":\"https:\/\/www.hotelalpi.com\/it\/eventi-romani-autunno-e-inverno-2017\/#article\",\"isPartOf\":{\"@id\":\"https:\/\/www.hotelalpi.com\/it\/eventi-romani-autunno-e-inverno-2017\/\"},\"author\":{\"name\":\"sviluppatore\",\"@id\":\"https:\/\/www.hotelalpi.com\/it\/#\/schema\/person\/a67177dbfe8ef96e576e2134dad001b2\"},\"headline\":\"Eventi Romani &#8211; Autunno e Inverno 2017\",\"datePublished\":\"2017-07-21T12:20:27+00:00\",\"dateModified\":\"2022-04-04T15:15:27+00:00\",\"mainEntityOfPage\":{\"@id\":\"https:\/\/www.hotelalpi.com\/it\/eventi-romani-autunno-e-inverno-2017\/\"},\"wordCount\":534,\"commentCount\":0,\"publisher\":{\"@id\":\"https:\/\/www.hotelalpi.com\/it\/#organization\"},\"image\":{\"@id\":\"https:\/\/www.hotelalpi.com\/it\/eventi-romani-autunno-e-inverno-2017\/#primaryimage\"},\"thumbnailUrl\":\"https:\/\/www.hotelalpi.com\/wp-content\/uploads\/2022\/04\/renaissance.jpg\",\"articleSection\":[\"Scopri Roma\"],\"inLanguage\":\"it-IT\"},{\"@type\":\"WebPage\",\"@id\":\"https:\/\/www.hotelalpi.com\/it\/eventi-romani-autunno-e-inverno-2017\/\",\"url\":\"https:\/\/www.hotelalpi.com\/it\/eventi-romani-autunno-e-inverno-2017\/\",\"name\":\"Eventi Romani - Autunno e Inverno 2017 - Hotel Alpi Roma\",\"isPartOf\":{\"@id\":\"https:\/\/www.hotelalpi.com\/it\/#website\"},\"primaryImageOfPage\":{\"@id\":\"https:\/\/www.hotelalpi.com\/it\/eventi-romani-autunno-e-inverno-2017\/#primaryimage\"},\"image\":{\"@id\":\"https:\/\/www.hotelalpi.com\/it\/eventi-romani-autunno-e-inverno-2017\/#primaryimage\"},\"thumbnailUrl\":\"https:\/\/www.hotelalpi.com\/wp-content\/uploads\/2022\/04\/renaissance.jpg\",\"datePublished\":\"2017-07-21T12:20:27+00:00\",\"dateModified\":\"2022-04-04T15:15:27+00:00\",\"breadcrumb\":{\"@id\":\"https:\/\/www.hotelalpi.com\/it\/eventi-romani-autunno-e-inverno-2017\/#breadcrumb\"},\"inLanguage\":\"it-IT\",\"potentialAction\":[{\"@type\":\"ReadAction\",\"target\":[\"https:\/\/www.hotelalpi.com\/it\/eventi-romani-autunno-e-inverno-2017\/\"]}]},{\"@type\":\"ImageObject\",\"inLanguage\":\"it-IT\",\"@id\":\"https:\/\/www.hotelalpi.com\/it\/eventi-romani-autunno-e-inverno-2017\/#primaryimage\",\"url\":\"https:\/\/www.hotelalpi.com\/wp-content\/uploads\/2022\/04\/renaissance.jpg\",\"contentUrl\":\"https:\/\/www.hotelalpi.com\/wp-content\/uploads\/2022\/04\/renaissance.jpg\",\"width\":1600,\"height\":836},{\"@type\":\"BreadcrumbList\",\"@id\":\"https:\/\/www.hotelalpi.com\/it\/eventi-romani-autunno-e-inverno-2017\/#breadcrumb\",\"itemListElement\":[{\"@type\":\"ListItem\",\"position\":1,\"name\":\"Home\",\"item\":\"https:\/\/www.hotelalpi.com\/it\/\"},{\"@type\":\"ListItem\",\"position\":2,\"name\":\"Eventi Romani &#8211; Autunno e Inverno 2017\"}]},{\"@type\":\"WebSite\",\"@id\":\"https:\/\/www.hotelalpi.com\/it\/#website\",\"url\":\"https:\/\/www.hotelalpi.com\/it\/\",\"name\":\"Hotel Alpi Roma\",\"description\":\"\",\"publisher\":{\"@id\":\"https:\/\/www.hotelalpi.com\/it\/#organization\"},\"potentialAction\":[{\"@type\":\"SearchAction\",\"target\":{\"@type\":\"EntryPoint\",\"urlTemplate\":\"https:\/\/www.hotelalpi.com\/it\/?s={search_term_string}\"},\"query-input\":{\"@type\":\"PropertyValueSpecification\",\"valueRequired\":true,\"valueName\":\"search_term_string\"}}],\"inLanguage\":\"it-IT\"},{\"@type\":\"Organization\",\"@id\":\"https:\/\/www.hotelalpi.com\/it\/#organization\",\"name\":\"Hotel Alpi Roma\",\"url\":\"https:\/\/www.hotelalpi.com\/it\/\",\"logo\":{\"@type\":\"ImageObject\",\"inLanguage\":\"it-IT\",\"@id\":\"https:\/\/www.hotelalpi.com\/it\/#\/schema\/logo\/image\/\",\"url\":\"https:\/\/www.hotelalpi.com\/wp-content\/uploads\/2020\/09\/logo_alpihotel.png\",\"contentUrl\":\"https:\/\/www.hotelalpi.com\/wp-content\/uploads\/2020\/09\/logo_alpihotel.png\",\"width\":118,\"height\":98,\"caption\":\"Hotel Alpi Roma\"},\"image\":{\"@id\":\"https:\/\/www.hotelalpi.com\/it\/#\/schema\/logo\/image\/\"}},{\"@type\":\"Person\",\"@id\":\"https:\/\/www.hotelalpi.com\/it\/#\/schema\/person\/a67177dbfe8ef96e576e2134dad001b2\",\"name\":\"sviluppatore\",\"image\":{\"@type\":\"ImageObject\",\"inLanguage\":\"it-IT\",\"@id\":\"https:\/\/www.hotelalpi.com\/it\/#\/schema\/person\/image\/\",\"url\":\"https:\/\/www.hotelalpi.com\/wp-content\/litespeed\/avatar\/4e8fe51ed6805ab8683e7c844867b96e.jpg?ver=1777632698\",\"contentUrl\":\"https:\/\/www.hotelalpi.com\/wp-content\/litespeed\/avatar\/4e8fe51ed6805ab8683e7c844867b96e.jpg?ver=1777632698\",\"caption\":\"sviluppatore\"}}]}<\/script>\n<!-- \/ Yoast SEO plugin. -->","yoast_head_json":{"title":"Eventi Romani - Autunno e Inverno 2017 - Hotel Alpi Roma","robots":{"index":"index","follow":"follow","max-snippet":"max-snippet:-1","max-image-preview":"max-image-preview:large","max-video-preview":"max-video-preview:-1"},"canonical":"https:\/\/www.hotelalpi.com\/it\/eventi-romani-autunno-e-inverno-2017\/","og_locale":"it_IT","og_type":"article","og_title":"Eventi Romani - Autunno e Inverno 2017 - Hotel Alpi Roma","og_description":"Una stagione fitta di eventi per l&#8217;autunno 2017 e il 2018 Romano. Roma si prepara a rientrare dalle vacanze e ripartire, come sempre, con una stagione di grandi eventi, concerti, danza, sport, mostre ecc. Una citt\u00e0 che non si ferma noi e che non vuole fermarsi, come tutte le grandi metropoli del mondo. Con in [&hellip;]","og_url":"https:\/\/www.hotelalpi.com\/it\/eventi-romani-autunno-e-inverno-2017\/","og_site_name":"Hotel Alpi Roma","article_published_time":"2017-07-21T12:20:27+00:00","article_modified_time":"2022-04-04T15:15:27+00:00","og_image":[{"width":1600,"height":836,"url":"https:\/\/www.hotelalpi.com\/wp-content\/uploads\/2022\/04\/renaissance.jpg","type":"image\/jpeg"}],"author":"sviluppatore","twitter_card":"summary_large_image","twitter_misc":{"Scritto da":"sviluppatore","Tempo di lettura stimato":"3 minuti"},"schema":{"@context":"https:\/\/schema.org","@graph":[{"@type":"Article","@id":"https:\/\/www.hotelalpi.com\/it\/eventi-romani-autunno-e-inverno-2017\/#article","isPartOf":{"@id":"https:\/\/www.hotelalpi.com\/it\/eventi-romani-autunno-e-inverno-2017\/"},"author":{"name":"sviluppatore","@id":"https:\/\/www.hotelalpi.com\/it\/#\/schema\/person\/a67177dbfe8ef96e576e2134dad001b2"},"headline":"Eventi Romani &#8211; Autunno e Inverno 2017","datePublished":"2017-07-21T12:20:27+00:00","dateModified":"2022-04-04T15:15:27+00:00","mainEntityOfPage":{"@id":"https:\/\/www.hotelalpi.com\/it\/eventi-romani-autunno-e-inverno-2017\/"},"wordCount":534,"commentCount":0,"publisher":{"@id":"https:\/\/www.hotelalpi.com\/it\/#organization"},"image":{"@id":"https:\/\/www.hotelalpi.com\/it\/eventi-romani-autunno-e-inverno-2017\/#primaryimage"},"thumbnailUrl":"https:\/\/www.hotelalpi.com\/wp-content\/uploads\/2022\/04\/renaissance.jpg","articleSection":["Scopri Roma"],"inLanguage":"it-IT"},{"@type":"WebPage","@id":"https:\/\/www.hotelalpi.com\/it\/eventi-romani-autunno-e-inverno-2017\/","url":"https:\/\/www.hotelalpi.com\/it\/eventi-romani-autunno-e-inverno-2017\/","name":"Eventi Romani - Autunno e Inverno 2017 - Hotel Alpi Roma","isPartOf":{"@id":"https:\/\/www.hotelalpi.com\/it\/#website"},"primaryImageOfPage":{"@id":"https:\/\/www.hotelalpi.com\/it\/eventi-romani-autunno-e-inverno-2017\/#primaryimage"},"image":{"@id":"https:\/\/www.hotelalpi.com\/it\/eventi-romani-autunno-e-inverno-2017\/#primaryimage"},"thumbnailUrl":"https:\/\/www.hotelalpi.com\/wp-content\/uploads\/2022\/04\/renaissance.jpg","datePublished":"2017-07-21T12:20:27+00:00","dateModified":"2022-04-04T15:15:27+00:00","breadcrumb":{"@id":"https:\/\/www.hotelalpi.com\/it\/eventi-romani-autunno-e-inverno-2017\/#breadcrumb"},"inLanguage":"it-IT","potentialAction":[{"@type":"ReadAction","target":["https:\/\/www.hotelalpi.com\/it\/eventi-romani-autunno-e-inverno-2017\/"]}]},{"@type":"ImageObject","inLanguage":"it-IT","@id":"https:\/\/www.hotelalpi.com\/it\/eventi-romani-autunno-e-inverno-2017\/#primaryimage","url":"https:\/\/www.hotelalpi.com\/wp-content\/uploads\/2022\/04\/renaissance.jpg","contentUrl":"https:\/\/www.hotelalpi.com\/wp-content\/uploads\/2022\/04\/renaissance.jpg","width":1600,"height":836},{"@type":"BreadcrumbList","@id":"https:\/\/www.hotelalpi.com\/it\/eventi-romani-autunno-e-inverno-2017\/#breadcrumb","itemListElement":[{"@type":"ListItem","position":1,"name":"Home","item":"https:\/\/www.hotelalpi.com\/it\/"},{"@type":"ListItem","position":2,"name":"Eventi Romani &#8211; Autunno e Inverno 2017"}]},{"@type":"WebSite","@id":"https:\/\/www.hotelalpi.com\/it\/#website","url":"https:\/\/www.hotelalpi.com\/it\/","name":"Hotel Alpi Roma","description":"","publisher":{"@id":"https:\/\/www.hotelalpi.com\/it\/#organization"},"potentialAction":[{"@type":"SearchAction","target":{"@type":"EntryPoint","urlTemplate":"https:\/\/www.hotelalpi.com\/it\/?s={search_term_string}"},"query-input":{"@type":"PropertyValueSpecification","valueRequired":true,"valueName":"search_term_string"}}],"inLanguage":"it-IT"},{"@type":"Organization","@id":"https:\/\/www.hotelalpi.com\/it\/#organization","name":"Hotel Alpi Roma","url":"https:\/\/www.hotelalpi.com\/it\/","logo":{"@type":"ImageObject","inLanguage":"it-IT","@id":"https:\/\/www.hotelalpi.com\/it\/#\/schema\/logo\/image\/","url":"https:\/\/www.hotelalpi.com\/wp-content\/uploads\/2020\/09\/logo_alpihotel.png","contentUrl":"https:\/\/www.hotelalpi.com\/wp-content\/uploads\/2020\/09\/logo_alpihotel.png","width":118,"height":98,"caption":"Hotel Alpi Roma"},"image":{"@id":"https:\/\/www.hotelalpi.com\/it\/#\/schema\/logo\/image\/"}},{"@type":"Person","@id":"https:\/\/www.hotelalpi.com\/it\/#\/schema\/person\/a67177dbfe8ef96e576e2134dad001b2","name":"sviluppatore","image":{"@type":"ImageObject","inLanguage":"it-IT","@id":"https:\/\/www.hotelalpi.com\/it\/#\/schema\/person\/image\/","url":"https:\/\/www.hotelalpi.com\/wp-content\/litespeed\/avatar\/4e8fe51ed6805ab8683e7c844867b96e.jpg?ver=1777632698","contentUrl":"https:\/\/www.hotelalpi.com\/wp-content\/litespeed\/avatar\/4e8fe51ed6805ab8683e7c844867b96e.jpg?ver=1777632698","caption":"sviluppatore"}}]}},"_links":{"self":[{"href":"https:\/\/www.hotelalpi.com\/it\/wp-json\/wp\/v2\/posts\/3567","targetHints":{"allow":["GET"]}}],"collection":[{"href":"https:\/\/www.hotelalpi.com\/it\/wp-json\/wp\/v2\/posts"}],"about":[{"href":"https:\/\/www.hotelalpi.com\/it\/wp-json\/wp\/v2\/types\/post"}],"author":[{"embeddable":true,"href":"https:\/\/www.hotelalpi.com\/it\/wp-json\/wp\/v2\/users\/2"}],"replies":[{"embeddable":true,"href":"https:\/\/www.hotelalpi.com\/it\/wp-json\/wp\/v2\/comments?post=3567"}],"version-history":[{"count":1,"href":"https:\/\/www.hotelalpi.com\/it\/wp-json\/wp\/v2\/posts\/3567\/revisions"}],"predecessor-version":[{"id":4063,"href":"https:\/\/www.hotelalpi.com\/it\/wp-json\/wp\/v2\/posts\/3567\/revisions\/4063"}],"wp:featuredmedia":[{"embeddable":true,"href":"https:\/\/www.hotelalpi.com\/it\/wp-json\/wp\/v2\/media\/3570"}],"wp:attachment":[{"href":"https:\/\/www.hotelalpi.com\/it\/wp-json\/wp\/v2\/media?parent=3567"}],"wp:term":[{"taxonomy":"category","embeddable":true,"href":"https:\/\/www.hotelalpi.com\/it\/wp-json\/wp\/v2\/categories?post=3567"},{"taxonomy":"post_tag","embeddable":true,"href":"https:\/\/www.hotelalpi.com\/it\/wp-json\/wp\/v2\/tags?post=3567"}],"curies":[{"name":"wp","href":"https:\/\/api.w.org\/{rel}","templated":true}]}}