{"id":3943,"date":"2021-11-09T10:15:06","date_gmt":"2021-11-09T10:15:06","guid":{"rendered":"https:\/\/hotelalpi.com\/hotel-4-etoiles-ecologique-a-rome\/"},"modified":"2022-07-20T08:39:34","modified_gmt":"2022-07-20T08:39:34","slug":"hotel-4-etoiles-ecologique-a-rome","status":"publish","type":"post","link":"https:\/\/www.hotelalpi.com\/fr\/hotel-4-etoiles-ecologique-a-rome\/","title":{"rendered":"H\u00f4tel 4 \u00e9toiles \u00e9cologique \u00e0 Rome"},"content":{"rendered":"<p>Il y a quelques jours, \u00e0 Rome, s&rsquo;est tenu un \u00e9v\u00e9nement international important pour notre monde, le G20, h\u00e9berg\u00e9 par le gouvernement italien et ax\u00e9 sur 3 th\u00e8mes majeurs : <strong> Plan\u00e8te, Prosp\u00e9rit\u00e9, Personnes. <\/strong> Le th\u00e8me de la durabilit\u00e9 c&rsquo;\u00e9tait central dans les discussions des dirigeants des pays les plus d\u00e9velopp\u00e9s, un th\u00e8me qui concerne l&rsquo;avenir de nous tous et des g\u00e9n\u00e9rations futures, c&rsquo;est-\u00e0-dire comment pouvoir coexister avec nos belle plan\u00e8te.<\/p>\n<p>Outre les d\u00e9cisions de ces grands pays, et l&rsquo;engagement que prendront nos \u00c9tats, la <strong> durabilit\u00e9 est un sujet qui doit aussi \u00eatre abord\u00e9 individuellement <\/strong>. Une nouvelle fa\u00e7on de se comporter et de vivre qui peut aider \u00e0 prot\u00e9ger le climat et les ressources de notre monde. <strong> Les entreprises jouent \u00e9galement un r\u00f4le central dans ce processus, et nous, \u00e0 l&rsquo;H\u00f4tel Alpi, voulons contribuer autant que possible. M\u00eame la petite contribution d&rsquo;un h\u00f4tel 4 \u00e9toiles \u00e0 Rome peut faire la diff\u00e9rence. <\/strong><\/p>\n<p><img decoding=\"async\" class=\"img-responsive wp-image-3583\" src=\"https:\/\/www.hotelalpi.com\/wp-content\/uploads\/2022\/04\/hoetl_sostenibile_roma.jpg\" alt=\"\" \/><\/p>\n<p>C&rsquo;est ce que nous avons fait, pour l&rsquo;instant, en mati\u00e8re de d\u00e9veloppement durable : en tant qu&rsquo;entreprise familiale, nous nous soucions v\u00e9ritablement de nos collaborateurs et de nos communaut\u00e9s locales.<\/p>\n<p>NOS TERRASSES : Nous avons choisi des plantes qui fleurissent en toute saison pour un espace \u00e0 savourer au vert \u00e0 tout moment de l&rsquo;ann\u00e9e.<\/p>\n<p><img decoding=\"async\" class=\"img-responsive wp-image-3584\" src=\"https:\/\/www.hotelalpi.com\/wp-content\/uploads\/2022\/04\/4-star-hotel-rome-center.jpg\" alt=\"\" \/><\/p>\n<p>INT\u00c9RIEUR : Tous les sols de nos chambres sont en parquet de bois naturel et \u00e9cologique et sont trait\u00e9s avec des finitions \u00e0 l&rsquo;eau. Le corian a souvent \u00e9t\u00e9 choisi dans les salles de bains pour son faible impact sur la production et ses caract\u00e9ristiques antibact\u00e9riennes.<\/p>\n<p>LUMI\u00c8RE : M\u00eame l&rsquo;\u00e9clairage a \u00e9t\u00e9 \u00e9tudi\u00e9 dans une optique d&rsquo;\u00e9conomie d&rsquo;\u00e9nergie en utilisant progressivement des lampes LED qui offrent d&rsquo;excellentes performances en termes de luminosit\u00e9 et de consommation, dans les chambres l&rsquo;\u00e9clairage est activ\u00e9 directement par le client avec sa Key-card.<\/p>\n<p>PETIT D\u00c9JEUNER: Nous avons privil\u00e9gi\u00e9 les produits italiens et si possible les produits locaux avec des options v\u00e9g\u00e9taliennes, v\u00e9g\u00e9tariennes et coeliaques.<\/p>\n<p>DANS LES CHAMBRES : Notre gamme de produits de salle de bain est naturelle, propos\u00e9e dans des emballages rechargeables, fabriqu\u00e9s avec des phyto\u00e9l\u00e9ments extraits de mati\u00e8res premi\u00e8res issues de cultures biologiques. M\u00eame les emballages sont des cartes \u00e9cologiques. Nous laissons aux clients le soin de ne pas changer les serviettes tous les jours.<\/p>\n<p><img decoding=\"async\" class=\"img-responsive wp-image-3585\" src=\"https:\/\/www.hotelalpi.com\/wp-content\/uploads\/2022\/04\/boutique-hotel-rome-center.jpg\" alt=\" \" \/><\/p>\n<p>Dans notre h\u00f4tel 4 \u00e9toiles \u00e0 Rome, nous essayons d&rsquo;utiliser le plus petit volume de plastique possible et d&rsquo;assurer des \u00e9conomies d&rsquo;\u00e9nergie maximales sans compromettre le s\u00e9jour de nos clients.<\/p>\n","protected":false},"excerpt":{"rendered":"<p>Il y a quelques jours, \u00e0 Rome, s&rsquo;est tenu un \u00e9v\u00e9nement international important pour notre monde, le G20, h\u00e9berg\u00e9 par le gouvernement italien et ax\u00e9 sur 3 th\u00e8mes majeurs : Plan\u00e8te, Prosp\u00e9rit\u00e9, Personnes. Le th\u00e8me de la durabilit\u00e9 c&rsquo;\u00e9tait central dans les discussions des dirigeants des pays les plus d\u00e9velopp\u00e9s, un th\u00e8me qui concerne l&rsquo;avenir [&hellip;]<\/p>\n","protected":false},"author":2,"featured_media":9263,"comment_status":"closed","ping_status":"closed","sticky":false,"template":"","format":"standard","meta":{"_acf_changed":false,"footnotes":""},"categories":[1,149],"tags":[],"class_list":["post-3943","post","type-post","status-publish","format-standard","has-post-thumbnail","hentry","category-non-categorizzato","category-uncategorized-fr"],"acf":[],"yoast_head":"<!-- This site is optimized with the Yoast SEO plugin v25.3.1 - https:\/\/yoast.com\/wordpress\/plugins\/seo\/ -->\n<title>H\u00f4tel 4 \u00e9toiles \u00e9cologique \u00e0 Rome - Hotel Alpi Roma<\/title>\n<meta name=\"robots\" content=\"index, follow, max-snippet:-1, max-image-preview:large, max-video-preview:-1\" \/>\n<link rel=\"canonical\" href=\"https:\/\/www.hotelalpi.com\/fr\/hotel-4-etoiles-ecologique-a-rome\/\" \/>\n<meta property=\"og:locale\" content=\"fr_FR\" \/>\n<meta property=\"og:type\" content=\"article\" \/>\n<meta property=\"og:title\" content=\"H\u00f4tel 4 \u00e9toiles \u00e9cologique \u00e0 Rome - Hotel Alpi Roma\" \/>\n<meta property=\"og:description\" content=\"Il y a quelques jours, \u00e0 Rome, s&rsquo;est tenu un \u00e9v\u00e9nement international important pour notre monde, le G20, h\u00e9berg\u00e9 par le gouvernement italien et ax\u00e9 sur 3 th\u00e8mes majeurs : Plan\u00e8te, Prosp\u00e9rit\u00e9, Personnes. Le th\u00e8me de la durabilit\u00e9 c&rsquo;\u00e9tait central dans les discussions des dirigeants des pays les plus d\u00e9velopp\u00e9s, un th\u00e8me qui concerne l&rsquo;avenir [&hellip;]\" \/>\n<meta property=\"og:url\" content=\"https:\/\/www.hotelalpi.com\/fr\/hotel-4-etoiles-ecologique-a-rome\/\" \/>\n<meta property=\"og:site_name\" content=\"Hotel Alpi Roma\" \/>\n<meta property=\"article:published_time\" content=\"2021-11-09T10:15:06+00:00\" \/>\n<meta property=\"article:modified_time\" content=\"2022-07-20T08:39:34+00:00\" \/>\n<meta property=\"og:image\" content=\"https:\/\/www.hotelalpi.com\/wp-content\/uploads\/2021\/11\/AdobeStock_475335878.jpeg\" \/>\n\t<meta property=\"og:image:width\" content=\"1980\" \/>\n\t<meta property=\"og:image:height\" content=\"1084\" \/>\n\t<meta property=\"og:image:type\" content=\"image\/jpeg\" \/>\n<meta name=\"author\" content=\"sviluppatore\" \/>\n<meta name=\"twitter:card\" content=\"summary_large_image\" \/>\n<meta name=\"twitter:label1\" content=\"\u00c9crit par\" \/>\n\t<meta name=\"twitter:data1\" content=\"sviluppatore\" \/>\n\t<meta name=\"twitter:label2\" content=\"Dur\u00e9e de lecture estim\u00e9e\" \/>\n\t<meta name=\"twitter:data2\" content=\"3 minutes\" \/>\n<script type=\"application\/ld+json\" class=\"yoast-schema-graph\">{\"@context\":\"https:\/\/schema.org\",\"@graph\":[{\"@type\":\"Article\",\"@id\":\"https:\/\/www.hotelalpi.com\/fr\/hotel-4-etoiles-ecologique-a-rome\/#article\",\"isPartOf\":{\"@id\":\"https:\/\/www.hotelalpi.com\/fr\/hotel-4-etoiles-ecologique-a-rome\/\"},\"author\":{\"name\":\"sviluppatore\",\"@id\":\"https:\/\/www.hotelalpi.com\/fr\/#\/schema\/person\/a67177dbfe8ef96e576e2134dad001b2\"},\"headline\":\"H\u00f4tel 4 \u00e9toiles \u00e9cologique \u00e0 Rome\",\"datePublished\":\"2021-11-09T10:15:06+00:00\",\"dateModified\":\"2022-07-20T08:39:34+00:00\",\"mainEntityOfPage\":{\"@id\":\"https:\/\/www.hotelalpi.com\/fr\/hotel-4-etoiles-ecologique-a-rome\/\"},\"wordCount\":452,\"publisher\":{\"@id\":\"https:\/\/www.hotelalpi.com\/fr\/#organization\"},\"image\":{\"@id\":\"https:\/\/www.hotelalpi.com\/fr\/hotel-4-etoiles-ecologique-a-rome\/#primaryimage\"},\"thumbnailUrl\":\"https:\/\/www.hotelalpi.com\/wp-content\/uploads\/2021\/11\/AdobeStock_475335878.jpeg\",\"articleSection\":[\"Non categorizzato\",\"Uncategorized\"],\"inLanguage\":\"fr-FR\"},{\"@type\":\"WebPage\",\"@id\":\"https:\/\/www.hotelalpi.com\/fr\/hotel-4-etoiles-ecologique-a-rome\/\",\"url\":\"https:\/\/www.hotelalpi.com\/fr\/hotel-4-etoiles-ecologique-a-rome\/\",\"name\":\"H\u00f4tel 4 \u00e9toiles \u00e9cologique \u00e0 Rome - Hotel Alpi Roma\",\"isPartOf\":{\"@id\":\"https:\/\/www.hotelalpi.com\/fr\/#website\"},\"primaryImageOfPage\":{\"@id\":\"https:\/\/www.hotelalpi.com\/fr\/hotel-4-etoiles-ecologique-a-rome\/#primaryimage\"},\"image\":{\"@id\":\"https:\/\/www.hotelalpi.com\/fr\/hotel-4-etoiles-ecologique-a-rome\/#primaryimage\"},\"thumbnailUrl\":\"https:\/\/www.hotelalpi.com\/wp-content\/uploads\/2021\/11\/AdobeStock_475335878.jpeg\",\"datePublished\":\"2021-11-09T10:15:06+00:00\",\"dateModified\":\"2022-07-20T08:39:34+00:00\",\"breadcrumb\":{\"@id\":\"https:\/\/www.hotelalpi.com\/fr\/hotel-4-etoiles-ecologique-a-rome\/#breadcrumb\"},\"inLanguage\":\"fr-FR\",\"potentialAction\":[{\"@type\":\"ReadAction\",\"target\":[\"https:\/\/www.hotelalpi.com\/fr\/hotel-4-etoiles-ecologique-a-rome\/\"]}]},{\"@type\":\"ImageObject\",\"inLanguage\":\"fr-FR\",\"@id\":\"https:\/\/www.hotelalpi.com\/fr\/hotel-4-etoiles-ecologique-a-rome\/#primaryimage\",\"url\":\"https:\/\/www.hotelalpi.com\/wp-content\/uploads\/2021\/11\/AdobeStock_475335878.jpeg\",\"contentUrl\":\"https:\/\/www.hotelalpi.com\/wp-content\/uploads\/2021\/11\/AdobeStock_475335878.jpeg\",\"width\":1980,\"height\":1084,\"caption\":\"Forum Romanum or Roman Forum dawn colorful view, eternal city of Rome spectacular ancient square view, capital of Italy\"},{\"@type\":\"BreadcrumbList\",\"@id\":\"https:\/\/www.hotelalpi.com\/fr\/hotel-4-etoiles-ecologique-a-rome\/#breadcrumb\",\"itemListElement\":[{\"@type\":\"ListItem\",\"position\":1,\"name\":\"Home\",\"item\":\"https:\/\/www.hotelalpi.com\/fr\/\"},{\"@type\":\"ListItem\",\"position\":2,\"name\":\"H\u00f4tel 4 \u00e9toiles \u00e9cologique \u00e0 Rome\"}]},{\"@type\":\"WebSite\",\"@id\":\"https:\/\/www.hotelalpi.com\/fr\/#website\",\"url\":\"https:\/\/www.hotelalpi.com\/fr\/\",\"name\":\"Hotel Alpi Roma\",\"description\":\"\",\"publisher\":{\"@id\":\"https:\/\/www.hotelalpi.com\/fr\/#organization\"},\"potentialAction\":[{\"@type\":\"SearchAction\",\"target\":{\"@type\":\"EntryPoint\",\"urlTemplate\":\"https:\/\/www.hotelalpi.com\/fr\/?s={search_term_string}\"},\"query-input\":{\"@type\":\"PropertyValueSpecification\",\"valueRequired\":true,\"valueName\":\"search_term_string\"}}],\"inLanguage\":\"fr-FR\"},{\"@type\":\"Organization\",\"@id\":\"https:\/\/www.hotelalpi.com\/fr\/#organization\",\"name\":\"Hotel Alpi Roma\",\"url\":\"https:\/\/www.hotelalpi.com\/fr\/\",\"logo\":{\"@type\":\"ImageObject\",\"inLanguage\":\"fr-FR\",\"@id\":\"https:\/\/www.hotelalpi.com\/fr\/#\/schema\/logo\/image\/\",\"url\":\"https:\/\/www.hotelalpi.com\/wp-content\/uploads\/2020\/09\/logo_alpihotel.png\",\"contentUrl\":\"https:\/\/www.hotelalpi.com\/wp-content\/uploads\/2020\/09\/logo_alpihotel.png\",\"width\":118,\"height\":98,\"caption\":\"Hotel Alpi Roma\"},\"image\":{\"@id\":\"https:\/\/www.hotelalpi.com\/fr\/#\/schema\/logo\/image\/\"}},{\"@type\":\"Person\",\"@id\":\"https:\/\/www.hotelalpi.com\/fr\/#\/schema\/person\/a67177dbfe8ef96e576e2134dad001b2\",\"name\":\"sviluppatore\",\"image\":{\"@type\":\"ImageObject\",\"inLanguage\":\"fr-FR\",\"@id\":\"https:\/\/www.hotelalpi.com\/fr\/#\/schema\/person\/image\/\",\"url\":\"https:\/\/www.hotelalpi.com\/wp-content\/litespeed\/avatar\/4e8fe51ed6805ab8683e7c844867b96e.jpg?ver=1777632698\",\"contentUrl\":\"https:\/\/www.hotelalpi.com\/wp-content\/litespeed\/avatar\/4e8fe51ed6805ab8683e7c844867b96e.jpg?ver=1777632698\",\"caption\":\"sviluppatore\"}}]}<\/script>\n<!-- \/ Yoast SEO plugin. -->","yoast_head_json":{"title":"H\u00f4tel 4 \u00e9toiles \u00e9cologique \u00e0 Rome - Hotel Alpi Roma","robots":{"index":"index","follow":"follow","max-snippet":"max-snippet:-1","max-image-preview":"max-image-preview:large","max-video-preview":"max-video-preview:-1"},"canonical":"https:\/\/www.hotelalpi.com\/fr\/hotel-4-etoiles-ecologique-a-rome\/","og_locale":"fr_FR","og_type":"article","og_title":"H\u00f4tel 4 \u00e9toiles \u00e9cologique \u00e0 Rome - Hotel Alpi Roma","og_description":"Il y a quelques jours, \u00e0 Rome, s&rsquo;est tenu un \u00e9v\u00e9nement international important pour notre monde, le G20, h\u00e9berg\u00e9 par le gouvernement italien et ax\u00e9 sur 3 th\u00e8mes majeurs : Plan\u00e8te, Prosp\u00e9rit\u00e9, Personnes. Le th\u00e8me de la durabilit\u00e9 c&rsquo;\u00e9tait central dans les discussions des dirigeants des pays les plus d\u00e9velopp\u00e9s, un th\u00e8me qui concerne l&rsquo;avenir [&hellip;]","og_url":"https:\/\/www.hotelalpi.com\/fr\/hotel-4-etoiles-ecologique-a-rome\/","og_site_name":"Hotel Alpi Roma","article_published_time":"2021-11-09T10:15:06+00:00","article_modified_time":"2022-07-20T08:39:34+00:00","og_image":[{"width":1980,"height":1084,"url":"https:\/\/www.hotelalpi.com\/wp-content\/uploads\/2021\/11\/AdobeStock_475335878.jpeg","type":"image\/jpeg"}],"author":"sviluppatore","twitter_card":"summary_large_image","twitter_misc":{"\u00c9crit par":"sviluppatore","Dur\u00e9e de lecture estim\u00e9e":"3 minutes"},"schema":{"@context":"https:\/\/schema.org","@graph":[{"@type":"Article","@id":"https:\/\/www.hotelalpi.com\/fr\/hotel-4-etoiles-ecologique-a-rome\/#article","isPartOf":{"@id":"https:\/\/www.hotelalpi.com\/fr\/hotel-4-etoiles-ecologique-a-rome\/"},"author":{"name":"sviluppatore","@id":"https:\/\/www.hotelalpi.com\/fr\/#\/schema\/person\/a67177dbfe8ef96e576e2134dad001b2"},"headline":"H\u00f4tel 4 \u00e9toiles \u00e9cologique \u00e0 Rome","datePublished":"2021-11-09T10:15:06+00:00","dateModified":"2022-07-20T08:39:34+00:00","mainEntityOfPage":{"@id":"https:\/\/www.hotelalpi.com\/fr\/hotel-4-etoiles-ecologique-a-rome\/"},"wordCount":452,"publisher":{"@id":"https:\/\/www.hotelalpi.com\/fr\/#organization"},"image":{"@id":"https:\/\/www.hotelalpi.com\/fr\/hotel-4-etoiles-ecologique-a-rome\/#primaryimage"},"thumbnailUrl":"https:\/\/www.hotelalpi.com\/wp-content\/uploads\/2021\/11\/AdobeStock_475335878.jpeg","articleSection":["Non categorizzato","Uncategorized"],"inLanguage":"fr-FR"},{"@type":"WebPage","@id":"https:\/\/www.hotelalpi.com\/fr\/hotel-4-etoiles-ecologique-a-rome\/","url":"https:\/\/www.hotelalpi.com\/fr\/hotel-4-etoiles-ecologique-a-rome\/","name":"H\u00f4tel 4 \u00e9toiles \u00e9cologique \u00e0 Rome - Hotel Alpi Roma","isPartOf":{"@id":"https:\/\/www.hotelalpi.com\/fr\/#website"},"primaryImageOfPage":{"@id":"https:\/\/www.hotelalpi.com\/fr\/hotel-4-etoiles-ecologique-a-rome\/#primaryimage"},"image":{"@id":"https:\/\/www.hotelalpi.com\/fr\/hotel-4-etoiles-ecologique-a-rome\/#primaryimage"},"thumbnailUrl":"https:\/\/www.hotelalpi.com\/wp-content\/uploads\/2021\/11\/AdobeStock_475335878.jpeg","datePublished":"2021-11-09T10:15:06+00:00","dateModified":"2022-07-20T08:39:34+00:00","breadcrumb":{"@id":"https:\/\/www.hotelalpi.com\/fr\/hotel-4-etoiles-ecologique-a-rome\/#breadcrumb"},"inLanguage":"fr-FR","potentialAction":[{"@type":"ReadAction","target":["https:\/\/www.hotelalpi.com\/fr\/hotel-4-etoiles-ecologique-a-rome\/"]}]},{"@type":"ImageObject","inLanguage":"fr-FR","@id":"https:\/\/www.hotelalpi.com\/fr\/hotel-4-etoiles-ecologique-a-rome\/#primaryimage","url":"https:\/\/www.hotelalpi.com\/wp-content\/uploads\/2021\/11\/AdobeStock_475335878.jpeg","contentUrl":"https:\/\/www.hotelalpi.com\/wp-content\/uploads\/2021\/11\/AdobeStock_475335878.jpeg","width":1980,"height":1084,"caption":"Forum Romanum or Roman Forum dawn colorful view, eternal city of Rome spectacular ancient square view, capital of Italy"},{"@type":"BreadcrumbList","@id":"https:\/\/www.hotelalpi.com\/fr\/hotel-4-etoiles-ecologique-a-rome\/#breadcrumb","itemListElement":[{"@type":"ListItem","position":1,"name":"Home","item":"https:\/\/www.hotelalpi.com\/fr\/"},{"@type":"ListItem","position":2,"name":"H\u00f4tel 4 \u00e9toiles \u00e9cologique \u00e0 Rome"}]},{"@type":"WebSite","@id":"https:\/\/www.hotelalpi.com\/fr\/#website","url":"https:\/\/www.hotelalpi.com\/fr\/","name":"Hotel Alpi Roma","description":"","publisher":{"@id":"https:\/\/www.hotelalpi.com\/fr\/#organization"},"potentialAction":[{"@type":"SearchAction","target":{"@type":"EntryPoint","urlTemplate":"https:\/\/www.hotelalpi.com\/fr\/?s={search_term_string}"},"query-input":{"@type":"PropertyValueSpecification","valueRequired":true,"valueName":"search_term_string"}}],"inLanguage":"fr-FR"},{"@type":"Organization","@id":"https:\/\/www.hotelalpi.com\/fr\/#organization","name":"Hotel Alpi Roma","url":"https:\/\/www.hotelalpi.com\/fr\/","logo":{"@type":"ImageObject","inLanguage":"fr-FR","@id":"https:\/\/www.hotelalpi.com\/fr\/#\/schema\/logo\/image\/","url":"https:\/\/www.hotelalpi.com\/wp-content\/uploads\/2020\/09\/logo_alpihotel.png","contentUrl":"https:\/\/www.hotelalpi.com\/wp-content\/uploads\/2020\/09\/logo_alpihotel.png","width":118,"height":98,"caption":"Hotel Alpi Roma"},"image":{"@id":"https:\/\/www.hotelalpi.com\/fr\/#\/schema\/logo\/image\/"}},{"@type":"Person","@id":"https:\/\/www.hotelalpi.com\/fr\/#\/schema\/person\/a67177dbfe8ef96e576e2134dad001b2","name":"sviluppatore","image":{"@type":"ImageObject","inLanguage":"fr-FR","@id":"https:\/\/www.hotelalpi.com\/fr\/#\/schema\/person\/image\/","url":"https:\/\/www.hotelalpi.com\/wp-content\/litespeed\/avatar\/4e8fe51ed6805ab8683e7c844867b96e.jpg?ver=1777632698","contentUrl":"https:\/\/www.hotelalpi.com\/wp-content\/litespeed\/avatar\/4e8fe51ed6805ab8683e7c844867b96e.jpg?ver=1777632698","caption":"sviluppatore"}}]}},"_links":{"self":[{"href":"https:\/\/www.hotelalpi.com\/fr\/wp-json\/wp\/v2\/posts\/3943","targetHints":{"allow":["GET"]}}],"collection":[{"href":"https:\/\/www.hotelalpi.com\/fr\/wp-json\/wp\/v2\/posts"}],"about":[{"href":"https:\/\/www.hotelalpi.com\/fr\/wp-json\/wp\/v2\/types\/post"}],"author":[{"embeddable":true,"href":"https:\/\/www.hotelalpi.com\/fr\/wp-json\/wp\/v2\/users\/2"}],"replies":[{"embeddable":true,"href":"https:\/\/www.hotelalpi.com\/fr\/wp-json\/wp\/v2\/comments?post=3943"}],"version-history":[{"count":3,"href":"https:\/\/www.hotelalpi.com\/fr\/wp-json\/wp\/v2\/posts\/3943\/revisions"}],"predecessor-version":[{"id":8311,"href":"https:\/\/www.hotelalpi.com\/fr\/wp-json\/wp\/v2\/posts\/3943\/revisions\/8311"}],"wp:featuredmedia":[{"embeddable":true,"href":"https:\/\/www.hotelalpi.com\/fr\/wp-json\/wp\/v2\/media\/9263"}],"wp:attachment":[{"href":"https:\/\/www.hotelalpi.com\/fr\/wp-json\/wp\/v2\/media?parent=3943"}],"wp:term":[{"taxonomy":"category","embeddable":true,"href":"https:\/\/www.hotelalpi.com\/fr\/wp-json\/wp\/v2\/categories?post=3943"},{"taxonomy":"post_tag","embeddable":true,"href":"https:\/\/www.hotelalpi.com\/fr\/wp-json\/wp\/v2\/tags?post=3943"}],"curies":[{"name":"wp","href":"https:\/\/api.w.org\/{rel}","templated":true}]}}