{"id":3816,"date":"2020-01-14T10:21:32","date_gmt":"2020-01-14T10:21:32","guid":{"rendered":"https:\/\/hotelalpi.com\/exposition-raffaello-a-rome\/"},"modified":"2023-05-30T07:58:25","modified_gmt":"2023-05-30T07:58:25","slug":"exposition-raffaello-a-rome","status":"publish","type":"post","link":"https:\/\/www.hotelalpi.com\/fr\/exposition-raffaello-a-rome\/","title":{"rendered":"Exposition Raffaello \u00e0 Rome"},"content":{"rendered":"<p>Une des expositions les plus impressionnantes d\u00e9di\u00e9es \u00e0 Rapha\u00ebl s&rsquo;ouvrira \u00e0 Rome du 5 mars au 2 juin \u00e0 la Scuderie del Quirinale.<\/p>\n<p>Une opportunit\u00e9 unique, rendue possible par le travail des mus\u00e9es italiens et internationaux dont le Louvre \u00e0 Paris, la Galerie nationale \u00e0 Londres, le Prado \u00e0 Madrid et plusieurs mus\u00e9es italiens tels que Les Offices, la Pinacoth\u00e8que de Bologne et bien d&rsquo;autres, qui enrichiront l&rsquo;exposition avec ses propres chefs-d&rsquo;\u0153uvre de Rapha\u00ebl.<\/p>\n<p><a href=\"https:\/\/www.hotelalpi.com\/wp-content\/uploads\/2022\/04\/mostra_raffaello_roma.jpg\" data-lbwps-width=\"800\" data-lbwps-height=\"548\" data-lbwps-srcsmall=\"https:\/\/www.hotelalpi.com\/wp-content\/uploads\/2022\/04\/mostra_raffaello_roma-300x206.jpg\"> <img decoding=\"async\" class=\"img-responsive size-full wp-image-3362\" src=\"https:\/\/www.hotelalpi.com\/wp-content\/uploads\/2022\/04\/mostra_raffaello_roma.jpg\" alt=\" Mostra_raffaello_roma \" \/> <\/a><\/p>\n<p>L&rsquo;exposition pr\u00e9sentera 200 chefs-d&rsquo;\u0153uvre du peintre symbole de la Renaissance \u00e0 l&rsquo;occasion des c\u00e9l\u00e9brations mondiales des 500 ans de sa mort, qui ont eu lieu \u00e0 Rome le 6 avril 1520, \u00e0 seulement 37 ans.<\/p>\n<p>Raffaello Sanzio, universellement connu sous le nom de Raffaello, est n\u00e9 \u00e0 Urbino, en Ombrie, qui, au cours de ces ann\u00e9es, a \u00e9t\u00e9 au centre de la puissante r\u00e9volution de la Renaissance qui a marqu\u00e9 le monde entier. En Ombrie, il s&rsquo;est form\u00e9 en ayant la possibilit\u00e9 d&rsquo;\u00e9tudier des artistes tels que Piero della Francesca, pour ensuite arriver \u00e0 l&rsquo;\u00e9cole du P\u00e9rugin. Rapha\u00ebl a travaill\u00e9 avec beaucoup de succ\u00e8s dans toute l&rsquo;Italie avant d&rsquo;arriver \u00e0 Rome au d\u00e9but des ann\u00e9es 1500, appel\u00e9 par le pape Jules II sur la suggestion, dit-on, de Bramante qui, avec Michel-Ange, a d\u00e9j\u00e0 enrichi la cour papale.<\/p>\n<p><a href=\"https:\/\/www.hotelalpi.com\/wp-content\/uploads\/2022\/04\/Rome_exhibition_raffaello.jpg\" data-lbwps-width=\"800\" data-lbwps-height=\"548\" data-lbwps-srcsmall=\"https:\/\/www.hotelalpi.com\/wp-content\/uploads\/2022\/04\/Rome_exhibition_raffaello-300x206.jpg\"> <img decoding=\"async\" class=\"img-responsive size-full wp-image-3363\" src=\"https:\/\/www.hotelalpi.com\/wp-content\/uploads\/2022\/04\/Rome_exhibition_raffaello.jpg\" alt=\"Rome_exhibition_raffaello\" \/> <\/a><\/p>\n<p>Parmi les nombreuses \u0153uvres de Rapha\u00ebl, il y avait aussi la collaboration pour la basilique de San Pietro et de nombreux palais romains c\u00e9l\u00e8bres.<\/p>\n<p><a href=\"https:\/\/www.hotelalpi.com\/wp-content\/uploads\/2022\/04\/Raffaello_Sanzio_rome.jpg\" data-lbwps-width=\"800\" data-lbwps-height=\"548\" data-lbwps-srcsmall=\"https:\/\/www.hotelalpi.com\/wp-content\/uploads\/2022\/04\/Raffaello_Sanzio_rome-300x206.jpg\"> <img decoding=\"async\" class=\"img-responsive size-full wp-image-3364\" src=\"https:\/\/www.hotelalpi.com\/wp-content\/uploads\/2022\/04\/Raffaello_Sanzio_rome.jpg\" alt=\"Raffaello_Sanzio_rome\" \/> <\/a><\/p>\n<p>Au Boutique Hotel Alpi, nous voulons c\u00e9l\u00e9brer avec vous 500 ans depuis la mort de Rapha\u00ebl. Les \u00e9curies du Quirinale sont tr\u00e8s proches de notre h\u00f4tel et de Termini. R\u00e9servez votre visite maintenant et n&rsquo;oubliez pas notre code promo \u00ab\u00a0AlpiRoma\u00a0\u00bb pour obtenir le meilleur prix disponible en ligne.<\/p>\n<p>On se voit l\u00e0-bas! Vive Raffaello.<\/p>\n","protected":false},"excerpt":{"rendered":"<p>Une des expositions les plus impressionnantes d\u00e9di\u00e9es \u00e0 Rapha\u00ebl s&rsquo;ouvrira \u00e0 Rome du 5 mars au 2 juin \u00e0 la Scuderie del Quirinale. Une opportunit\u00e9 unique, rendue possible par le travail des mus\u00e9es italiens et internationaux dont le Louvre \u00e0 Paris, la Galerie nationale \u00e0 Londres, le Prado \u00e0 Madrid et plusieurs mus\u00e9es italiens tels [&hellip;]<\/p>\n","protected":false},"author":2,"featured_media":3812,"comment_status":"closed","ping_status":"closed","sticky":false,"template":"","format":"standard","meta":{"_acf_changed":false,"footnotes":""},"categories":[1,149],"tags":[],"class_list":["post-3816","post","type-post","status-publish","format-standard","has-post-thumbnail","hentry","category-non-categorizzato","category-uncategorized-fr"],"acf":[],"yoast_head":"<!-- This site is optimized with the Yoast SEO plugin v25.3.1 - https:\/\/yoast.com\/wordpress\/plugins\/seo\/ -->\n<title>Exposition Raffaello \u00e0 Rome - Hotel Alpi Roma<\/title>\n<meta name=\"robots\" content=\"index, follow, max-snippet:-1, max-image-preview:large, max-video-preview:-1\" \/>\n<link rel=\"canonical\" href=\"https:\/\/www.hotelalpi.com\/fr\/exposition-raffaello-a-rome\/\" \/>\n<meta property=\"og:locale\" content=\"fr_FR\" \/>\n<meta property=\"og:type\" content=\"article\" \/>\n<meta property=\"og:title\" content=\"Exposition Raffaello \u00e0 Rome - Hotel Alpi Roma\" \/>\n<meta property=\"og:description\" content=\"Une des expositions les plus impressionnantes d\u00e9di\u00e9es \u00e0 Rapha\u00ebl s&rsquo;ouvrira \u00e0 Rome du 5 mars au 2 juin \u00e0 la Scuderie del Quirinale. Une opportunit\u00e9 unique, rendue possible par le travail des mus\u00e9es italiens et internationaux dont le Louvre \u00e0 Paris, la Galerie nationale \u00e0 Londres, le Prado \u00e0 Madrid et plusieurs mus\u00e9es italiens tels [&hellip;]\" \/>\n<meta property=\"og:url\" content=\"https:\/\/www.hotelalpi.com\/fr\/exposition-raffaello-a-rome\/\" \/>\n<meta property=\"og:site_name\" content=\"Hotel Alpi Roma\" \/>\n<meta property=\"article:published_time\" content=\"2020-01-14T10:21:32+00:00\" \/>\n<meta property=\"article:modified_time\" content=\"2023-05-30T07:58:25+00:00\" \/>\n<meta property=\"og:image\" content=\"https:\/\/www.hotelalpi.com\/wp-content\/uploads\/2022\/04\/Raffaello_a_roma.jpg\" \/>\n\t<meta property=\"og:image:width\" content=\"1628\" \/>\n\t<meta property=\"og:image:height\" content=\"816\" \/>\n\t<meta property=\"og:image:type\" content=\"image\/jpeg\" \/>\n<meta name=\"author\" content=\"sviluppatore\" \/>\n<meta name=\"twitter:card\" content=\"summary_large_image\" \/>\n<meta name=\"twitter:label1\" content=\"\u00c9crit par\" \/>\n\t<meta name=\"twitter:data1\" content=\"sviluppatore\" \/>\n\t<meta name=\"twitter:label2\" content=\"Dur\u00e9e de lecture estim\u00e9e\" \/>\n\t<meta name=\"twitter:data2\" content=\"3 minutes\" \/>\n<script type=\"application\/ld+json\" class=\"yoast-schema-graph\">{\"@context\":\"https:\/\/schema.org\",\"@graph\":[{\"@type\":\"Article\",\"@id\":\"https:\/\/www.hotelalpi.com\/fr\/exposition-raffaello-a-rome\/#article\",\"isPartOf\":{\"@id\":\"https:\/\/www.hotelalpi.com\/fr\/exposition-raffaello-a-rome\/\"},\"author\":{\"name\":\"sviluppatore\",\"@id\":\"https:\/\/www.hotelalpi.com\/fr\/#\/schema\/person\/a67177dbfe8ef96e576e2134dad001b2\"},\"headline\":\"Exposition Raffaello \u00e0 Rome\",\"datePublished\":\"2020-01-14T10:21:32+00:00\",\"dateModified\":\"2023-05-30T07:58:25+00:00\",\"mainEntityOfPage\":{\"@id\":\"https:\/\/www.hotelalpi.com\/fr\/exposition-raffaello-a-rome\/\"},\"wordCount\":312,\"publisher\":{\"@id\":\"https:\/\/www.hotelalpi.com\/fr\/#organization\"},\"image\":{\"@id\":\"https:\/\/www.hotelalpi.com\/fr\/exposition-raffaello-a-rome\/#primaryimage\"},\"thumbnailUrl\":\"https:\/\/www.hotelalpi.com\/wp-content\/uploads\/2022\/04\/Raffaello_a_roma.jpg\",\"articleSection\":[\"Non categorizzato\",\"Uncategorized\"],\"inLanguage\":\"fr-FR\"},{\"@type\":\"WebPage\",\"@id\":\"https:\/\/www.hotelalpi.com\/fr\/exposition-raffaello-a-rome\/\",\"url\":\"https:\/\/www.hotelalpi.com\/fr\/exposition-raffaello-a-rome\/\",\"name\":\"Exposition Raffaello \u00e0 Rome - Hotel Alpi Roma\",\"isPartOf\":{\"@id\":\"https:\/\/www.hotelalpi.com\/fr\/#website\"},\"primaryImageOfPage\":{\"@id\":\"https:\/\/www.hotelalpi.com\/fr\/exposition-raffaello-a-rome\/#primaryimage\"},\"image\":{\"@id\":\"https:\/\/www.hotelalpi.com\/fr\/exposition-raffaello-a-rome\/#primaryimage\"},\"thumbnailUrl\":\"https:\/\/www.hotelalpi.com\/wp-content\/uploads\/2022\/04\/Raffaello_a_roma.jpg\",\"datePublished\":\"2020-01-14T10:21:32+00:00\",\"dateModified\":\"2023-05-30T07:58:25+00:00\",\"breadcrumb\":{\"@id\":\"https:\/\/www.hotelalpi.com\/fr\/exposition-raffaello-a-rome\/#breadcrumb\"},\"inLanguage\":\"fr-FR\",\"potentialAction\":[{\"@type\":\"ReadAction\",\"target\":[\"https:\/\/www.hotelalpi.com\/fr\/exposition-raffaello-a-rome\/\"]}]},{\"@type\":\"ImageObject\",\"inLanguage\":\"fr-FR\",\"@id\":\"https:\/\/www.hotelalpi.com\/fr\/exposition-raffaello-a-rome\/#primaryimage\",\"url\":\"https:\/\/www.hotelalpi.com\/wp-content\/uploads\/2022\/04\/Raffaello_a_roma.jpg\",\"contentUrl\":\"https:\/\/www.hotelalpi.com\/wp-content\/uploads\/2022\/04\/Raffaello_a_roma.jpg\",\"width\":1628,\"height\":816},{\"@type\":\"BreadcrumbList\",\"@id\":\"https:\/\/www.hotelalpi.com\/fr\/exposition-raffaello-a-rome\/#breadcrumb\",\"itemListElement\":[{\"@type\":\"ListItem\",\"position\":1,\"name\":\"Home\",\"item\":\"https:\/\/www.hotelalpi.com\/fr\/\"},{\"@type\":\"ListItem\",\"position\":2,\"name\":\"Exposition Raffaello \u00e0 Rome\"}]},{\"@type\":\"WebSite\",\"@id\":\"https:\/\/www.hotelalpi.com\/fr\/#website\",\"url\":\"https:\/\/www.hotelalpi.com\/fr\/\",\"name\":\"Hotel Alpi Roma\",\"description\":\"\",\"publisher\":{\"@id\":\"https:\/\/www.hotelalpi.com\/fr\/#organization\"},\"potentialAction\":[{\"@type\":\"SearchAction\",\"target\":{\"@type\":\"EntryPoint\",\"urlTemplate\":\"https:\/\/www.hotelalpi.com\/fr\/?s={search_term_string}\"},\"query-input\":{\"@type\":\"PropertyValueSpecification\",\"valueRequired\":true,\"valueName\":\"search_term_string\"}}],\"inLanguage\":\"fr-FR\"},{\"@type\":\"Organization\",\"@id\":\"https:\/\/www.hotelalpi.com\/fr\/#organization\",\"name\":\"Hotel Alpi Roma\",\"url\":\"https:\/\/www.hotelalpi.com\/fr\/\",\"logo\":{\"@type\":\"ImageObject\",\"inLanguage\":\"fr-FR\",\"@id\":\"https:\/\/www.hotelalpi.com\/fr\/#\/schema\/logo\/image\/\",\"url\":\"https:\/\/www.hotelalpi.com\/wp-content\/uploads\/2020\/09\/logo_alpihotel.png\",\"contentUrl\":\"https:\/\/www.hotelalpi.com\/wp-content\/uploads\/2020\/09\/logo_alpihotel.png\",\"width\":118,\"height\":98,\"caption\":\"Hotel Alpi Roma\"},\"image\":{\"@id\":\"https:\/\/www.hotelalpi.com\/fr\/#\/schema\/logo\/image\/\"}},{\"@type\":\"Person\",\"@id\":\"https:\/\/www.hotelalpi.com\/fr\/#\/schema\/person\/a67177dbfe8ef96e576e2134dad001b2\",\"name\":\"sviluppatore\",\"image\":{\"@type\":\"ImageObject\",\"inLanguage\":\"fr-FR\",\"@id\":\"https:\/\/www.hotelalpi.com\/fr\/#\/schema\/person\/image\/\",\"url\":\"https:\/\/www.hotelalpi.com\/wp-content\/litespeed\/avatar\/4e8fe51ed6805ab8683e7c844867b96e.jpg?ver=1777632698\",\"contentUrl\":\"https:\/\/www.hotelalpi.com\/wp-content\/litespeed\/avatar\/4e8fe51ed6805ab8683e7c844867b96e.jpg?ver=1777632698\",\"caption\":\"sviluppatore\"}}]}<\/script>\n<!-- \/ Yoast SEO plugin. -->","yoast_head_json":{"title":"Exposition Raffaello \u00e0 Rome - Hotel Alpi Roma","robots":{"index":"index","follow":"follow","max-snippet":"max-snippet:-1","max-image-preview":"max-image-preview:large","max-video-preview":"max-video-preview:-1"},"canonical":"https:\/\/www.hotelalpi.com\/fr\/exposition-raffaello-a-rome\/","og_locale":"fr_FR","og_type":"article","og_title":"Exposition Raffaello \u00e0 Rome - Hotel Alpi Roma","og_description":"Une des expositions les plus impressionnantes d\u00e9di\u00e9es \u00e0 Rapha\u00ebl s&rsquo;ouvrira \u00e0 Rome du 5 mars au 2 juin \u00e0 la Scuderie del Quirinale. Une opportunit\u00e9 unique, rendue possible par le travail des mus\u00e9es italiens et internationaux dont le Louvre \u00e0 Paris, la Galerie nationale \u00e0 Londres, le Prado \u00e0 Madrid et plusieurs mus\u00e9es italiens tels [&hellip;]","og_url":"https:\/\/www.hotelalpi.com\/fr\/exposition-raffaello-a-rome\/","og_site_name":"Hotel Alpi Roma","article_published_time":"2020-01-14T10:21:32+00:00","article_modified_time":"2023-05-30T07:58:25+00:00","og_image":[{"width":1628,"height":816,"url":"https:\/\/www.hotelalpi.com\/wp-content\/uploads\/2022\/04\/Raffaello_a_roma.jpg","type":"image\/jpeg"}],"author":"sviluppatore","twitter_card":"summary_large_image","twitter_misc":{"\u00c9crit par":"sviluppatore","Dur\u00e9e de lecture estim\u00e9e":"3 minutes"},"schema":{"@context":"https:\/\/schema.org","@graph":[{"@type":"Article","@id":"https:\/\/www.hotelalpi.com\/fr\/exposition-raffaello-a-rome\/#article","isPartOf":{"@id":"https:\/\/www.hotelalpi.com\/fr\/exposition-raffaello-a-rome\/"},"author":{"name":"sviluppatore","@id":"https:\/\/www.hotelalpi.com\/fr\/#\/schema\/person\/a67177dbfe8ef96e576e2134dad001b2"},"headline":"Exposition Raffaello \u00e0 Rome","datePublished":"2020-01-14T10:21:32+00:00","dateModified":"2023-05-30T07:58:25+00:00","mainEntityOfPage":{"@id":"https:\/\/www.hotelalpi.com\/fr\/exposition-raffaello-a-rome\/"},"wordCount":312,"publisher":{"@id":"https:\/\/www.hotelalpi.com\/fr\/#organization"},"image":{"@id":"https:\/\/www.hotelalpi.com\/fr\/exposition-raffaello-a-rome\/#primaryimage"},"thumbnailUrl":"https:\/\/www.hotelalpi.com\/wp-content\/uploads\/2022\/04\/Raffaello_a_roma.jpg","articleSection":["Non categorizzato","Uncategorized"],"inLanguage":"fr-FR"},{"@type":"WebPage","@id":"https:\/\/www.hotelalpi.com\/fr\/exposition-raffaello-a-rome\/","url":"https:\/\/www.hotelalpi.com\/fr\/exposition-raffaello-a-rome\/","name":"Exposition Raffaello \u00e0 Rome - Hotel Alpi Roma","isPartOf":{"@id":"https:\/\/www.hotelalpi.com\/fr\/#website"},"primaryImageOfPage":{"@id":"https:\/\/www.hotelalpi.com\/fr\/exposition-raffaello-a-rome\/#primaryimage"},"image":{"@id":"https:\/\/www.hotelalpi.com\/fr\/exposition-raffaello-a-rome\/#primaryimage"},"thumbnailUrl":"https:\/\/www.hotelalpi.com\/wp-content\/uploads\/2022\/04\/Raffaello_a_roma.jpg","datePublished":"2020-01-14T10:21:32+00:00","dateModified":"2023-05-30T07:58:25+00:00","breadcrumb":{"@id":"https:\/\/www.hotelalpi.com\/fr\/exposition-raffaello-a-rome\/#breadcrumb"},"inLanguage":"fr-FR","potentialAction":[{"@type":"ReadAction","target":["https:\/\/www.hotelalpi.com\/fr\/exposition-raffaello-a-rome\/"]}]},{"@type":"ImageObject","inLanguage":"fr-FR","@id":"https:\/\/www.hotelalpi.com\/fr\/exposition-raffaello-a-rome\/#primaryimage","url":"https:\/\/www.hotelalpi.com\/wp-content\/uploads\/2022\/04\/Raffaello_a_roma.jpg","contentUrl":"https:\/\/www.hotelalpi.com\/wp-content\/uploads\/2022\/04\/Raffaello_a_roma.jpg","width":1628,"height":816},{"@type":"BreadcrumbList","@id":"https:\/\/www.hotelalpi.com\/fr\/exposition-raffaello-a-rome\/#breadcrumb","itemListElement":[{"@type":"ListItem","position":1,"name":"Home","item":"https:\/\/www.hotelalpi.com\/fr\/"},{"@type":"ListItem","position":2,"name":"Exposition Raffaello \u00e0 Rome"}]},{"@type":"WebSite","@id":"https:\/\/www.hotelalpi.com\/fr\/#website","url":"https:\/\/www.hotelalpi.com\/fr\/","name":"Hotel Alpi Roma","description":"","publisher":{"@id":"https:\/\/www.hotelalpi.com\/fr\/#organization"},"potentialAction":[{"@type":"SearchAction","target":{"@type":"EntryPoint","urlTemplate":"https:\/\/www.hotelalpi.com\/fr\/?s={search_term_string}"},"query-input":{"@type":"PropertyValueSpecification","valueRequired":true,"valueName":"search_term_string"}}],"inLanguage":"fr-FR"},{"@type":"Organization","@id":"https:\/\/www.hotelalpi.com\/fr\/#organization","name":"Hotel Alpi Roma","url":"https:\/\/www.hotelalpi.com\/fr\/","logo":{"@type":"ImageObject","inLanguage":"fr-FR","@id":"https:\/\/www.hotelalpi.com\/fr\/#\/schema\/logo\/image\/","url":"https:\/\/www.hotelalpi.com\/wp-content\/uploads\/2020\/09\/logo_alpihotel.png","contentUrl":"https:\/\/www.hotelalpi.com\/wp-content\/uploads\/2020\/09\/logo_alpihotel.png","width":118,"height":98,"caption":"Hotel Alpi Roma"},"image":{"@id":"https:\/\/www.hotelalpi.com\/fr\/#\/schema\/logo\/image\/"}},{"@type":"Person","@id":"https:\/\/www.hotelalpi.com\/fr\/#\/schema\/person\/a67177dbfe8ef96e576e2134dad001b2","name":"sviluppatore","image":{"@type":"ImageObject","inLanguage":"fr-FR","@id":"https:\/\/www.hotelalpi.com\/fr\/#\/schema\/person\/image\/","url":"https:\/\/www.hotelalpi.com\/wp-content\/litespeed\/avatar\/4e8fe51ed6805ab8683e7c844867b96e.jpg?ver=1777632698","contentUrl":"https:\/\/www.hotelalpi.com\/wp-content\/litespeed\/avatar\/4e8fe51ed6805ab8683e7c844867b96e.jpg?ver=1777632698","caption":"sviluppatore"}}]}},"_links":{"self":[{"href":"https:\/\/www.hotelalpi.com\/fr\/wp-json\/wp\/v2\/posts\/3816","targetHints":{"allow":["GET"]}}],"collection":[{"href":"https:\/\/www.hotelalpi.com\/fr\/wp-json\/wp\/v2\/posts"}],"about":[{"href":"https:\/\/www.hotelalpi.com\/fr\/wp-json\/wp\/v2\/types\/post"}],"author":[{"embeddable":true,"href":"https:\/\/www.hotelalpi.com\/fr\/wp-json\/wp\/v2\/users\/2"}],"replies":[{"embeddable":true,"href":"https:\/\/www.hotelalpi.com\/fr\/wp-json\/wp\/v2\/comments?post=3816"}],"version-history":[{"count":3,"href":"https:\/\/www.hotelalpi.com\/fr\/wp-json\/wp\/v2\/posts\/3816\/revisions"}],"predecessor-version":[{"id":8320,"href":"https:\/\/www.hotelalpi.com\/fr\/wp-json\/wp\/v2\/posts\/3816\/revisions\/8320"}],"wp:featuredmedia":[{"embeddable":true,"href":"https:\/\/www.hotelalpi.com\/fr\/wp-json\/wp\/v2\/media\/3812"}],"wp:attachment":[{"href":"https:\/\/www.hotelalpi.com\/fr\/wp-json\/wp\/v2\/media?parent=3816"}],"wp:term":[{"taxonomy":"category","embeddable":true,"href":"https:\/\/www.hotelalpi.com\/fr\/wp-json\/wp\/v2\/categories?post=3816"},{"taxonomy":"post_tag","embeddable":true,"href":"https:\/\/www.hotelalpi.com\/fr\/wp-json\/wp\/v2\/tags?post=3816"}],"curies":[{"name":"wp","href":"https:\/\/api.w.org\/{rel}","templated":true}]}}