{"id":3758,"date":"2019-09-30T09:16:25","date_gmt":"2019-09-30T09:16:25","guid":{"rendered":"https:\/\/hotelalpi.com\/rome-jazz-festival-2019-2\/"},"modified":"2023-05-30T07:58:26","modified_gmt":"2023-05-30T07:58:26","slug":"rome-jazz-festival-2019-2","status":"publish","type":"post","link":"https:\/\/www.hotelalpi.com\/fr\/rome-jazz-festival-2019-2\/","title":{"rendered":"Rome Jazz Festival 2019"},"content":{"rendered":"<p>Rome est Jazz, du 1er novembre au 1er d\u00e9cembre. Au festival de jazz de rome 2019.<\/p>\n<p>\u00cates-vous un amateur de jazz comme nous? Novembre est le mois id\u00e9al pour visiter Rome, \u00e0 l\u2019Alpi Boutique Hotel de Rome.<\/p>\n<p>Un projet ambitieux qui r\u00e9unit des musiciens du monde entier qui partagent une musique, certes, et issus de l&rsquo;engagement civil, des droits de l&rsquo;homme et de la lutte contre la discrimination. Un th\u00e8me crucial de ces ann\u00e9es, l&rsquo;int\u00e9gration et l&rsquo;inclusion, que nous, qui travaillons toujours dans l&rsquo;h\u00f4tellerie, nous nous sentons comme nous. \u00ab\u00a0No Borders\u00a0\u00bb est le trait d&rsquo;union de ce festival de jazz de Rome 2019.<\/p>\n<p><a href=\"https:\/\/www.hotelalpi.com\/wp-content\/uploads\/2022\/04\/Rome_Jazz_Festival_2019_artists.jpg\" data-lbwps-width=\"771\" data-lbwps-height=\"337\" data-lbwps-srcsmall=\"https:\/\/www.hotelalpi.com\/wp-content\/uploads\/2022\/04\/Rome_Jazz_Festival_2019_artists-300x131.jpg\"> <img decoding=\"async\" class=\"img-sensible \u00e0 la taille compl\u00e8te wp-image-3300\" src=\"https:\/\/www.hotelalpi.com\/wp-content\/uploads\/2022\/04\/Rome_Jazz_Festival_2019_artists.jpg\" alt=\"Rome_Jazz_Festival_2019_artists\" \/> <\/a><\/p>\n<p>Plusieurs concerts seront organis\u00e9s non seulement pendant le week-end, mais \u00e9galement pendant la semaine, pour ceux qui \u00e9taient \u00e0 Rome \u00e9galement pour le travail et qui souhaitent passer une soir\u00e9e musicale de haut niveau. Par exemple ceux-ci:<\/p>\n<p><a href=\"https:\/\/www.hotelalpi.com\/wp-content\/uploads\/2022\/04\/Roma_Jazz_2019_Concerti.jpg\" data-lbwps-width=\"771\" data-lbwps-height=\"337\" data-lbwps-srcsmall=\"https:\/\/www.hotelalpi.com\/wp-content\/uploads\/2022\/04\/Roma_Jazz_2019_Concerti-300x131.jpg\"> <img decoding=\"async\" class=\"img-sensible \u00e0 la taille compl\u00e8te wp-image-3301\" src=\"https:\/\/www.hotelalpi.com\/wp-content\/uploads\/2022\/04\/Roma_Jazz_2019_Concerti.jpg\" alt=\"Roma_Jazz_2019_Concerti\" \/> <\/a><\/p>\n<p>Les concerts auront lieu \u00e0 l&rsquo;Auditorium Parco della Musica, facilement accessible depuis l&rsquo;Alpi Boutique Hotel, et \u00e0 la Casa del Jazz, \u00e0 proximit\u00e9 des thermes de Caracalla, \u00e9galement un lieu au charme fou et \u00e0 la riche histoire.<\/p>\n<p><a href=\"https:\/\/www.auditorium.com\/rassegna\/roma_jazz_festival-20917.html\"> Lisez tous les concerts ici <\/a>.<\/p>\n<p>Jazz sera \u00e9galement notre leitmotiv pendant tout le mois de novembre \u00e0 l\u2019Alpi Boutique Hotel.<\/p>\n<p>Nous t&rsquo;attendons!<\/p>\n<div class=\"vmod\"><!-- div--><\/p>\n<\/div>\n","protected":false},"excerpt":{"rendered":"<p>Rome est Jazz, du 1er novembre au 1er d\u00e9cembre. Au festival de jazz de rome 2019. \u00cates-vous un amateur de jazz comme nous? Novembre est le mois id\u00e9al pour visiter Rome, \u00e0 l\u2019Alpi Boutique Hotel de Rome. Un projet ambitieux qui r\u00e9unit des musiciens du monde entier qui partagent une musique, certes, et issus de [&hellip;]<\/p>\n","protected":false},"author":2,"featured_media":3756,"comment_status":"closed","ping_status":"closed","sticky":false,"template":"","format":"standard","meta":{"_acf_changed":false,"footnotes":""},"categories":[1,149],"tags":[],"class_list":["post-3758","post","type-post","status-publish","format-standard","has-post-thumbnail","hentry","category-non-categorizzato","category-uncategorized-fr"],"acf":[],"yoast_head":"<!-- This site is optimized with the Yoast SEO plugin v25.3.1 - https:\/\/yoast.com\/wordpress\/plugins\/seo\/ -->\n<title>Rome Jazz Festival 2019 - Hotel Alpi Roma<\/title>\n<meta name=\"robots\" content=\"index, follow, max-snippet:-1, max-image-preview:large, max-video-preview:-1\" \/>\n<link rel=\"canonical\" href=\"https:\/\/www.hotelalpi.com\/fr\/rome-jazz-festival-2019-2\/\" \/>\n<meta property=\"og:locale\" content=\"fr_FR\" \/>\n<meta property=\"og:type\" content=\"article\" \/>\n<meta property=\"og:title\" content=\"Rome Jazz Festival 2019 - Hotel Alpi Roma\" \/>\n<meta property=\"og:description\" content=\"Rome est Jazz, du 1er novembre au 1er d\u00e9cembre. Au festival de jazz de rome 2019. \u00cates-vous un amateur de jazz comme nous? Novembre est le mois id\u00e9al pour visiter Rome, \u00e0 l\u2019Alpi Boutique Hotel de Rome. Un projet ambitieux qui r\u00e9unit des musiciens du monde entier qui partagent une musique, certes, et issus de [&hellip;]\" \/>\n<meta property=\"og:url\" content=\"https:\/\/www.hotelalpi.com\/fr\/rome-jazz-festival-2019-2\/\" \/>\n<meta property=\"og:site_name\" content=\"Hotel Alpi Roma\" \/>\n<meta property=\"article:published_time\" content=\"2019-09-30T09:16:25+00:00\" \/>\n<meta property=\"article:modified_time\" content=\"2023-05-30T07:58:26+00:00\" \/>\n<meta property=\"og:image\" content=\"https:\/\/www.hotelalpi.com\/wp-content\/uploads\/2022\/04\/Rome_Jazz_Festival_2019.jpg\" \/>\n\t<meta property=\"og:image:width\" content=\"1980\" \/>\n\t<meta property=\"og:image:height\" content=\"1020\" \/>\n\t<meta property=\"og:image:type\" content=\"image\/jpeg\" \/>\n<meta name=\"author\" content=\"sviluppatore\" \/>\n<meta name=\"twitter:card\" content=\"summary_large_image\" \/>\n<meta name=\"twitter:label1\" content=\"\u00c9crit par\" \/>\n\t<meta name=\"twitter:data1\" content=\"sviluppatore\" \/>\n\t<meta name=\"twitter:label2\" content=\"Dur\u00e9e de lecture estim\u00e9e\" \/>\n\t<meta name=\"twitter:data2\" content=\"2 minutes\" \/>\n<script type=\"application\/ld+json\" class=\"yoast-schema-graph\">{\"@context\":\"https:\/\/schema.org\",\"@graph\":[{\"@type\":\"Article\",\"@id\":\"https:\/\/www.hotelalpi.com\/fr\/rome-jazz-festival-2019-2\/#article\",\"isPartOf\":{\"@id\":\"https:\/\/www.hotelalpi.com\/fr\/rome-jazz-festival-2019-2\/\"},\"author\":{\"name\":\"sviluppatore\",\"@id\":\"https:\/\/www.hotelalpi.com\/fr\/#\/schema\/person\/a67177dbfe8ef96e576e2134dad001b2\"},\"headline\":\"Rome Jazz Festival 2019\",\"datePublished\":\"2019-09-30T09:16:25+00:00\",\"dateModified\":\"2023-05-30T07:58:26+00:00\",\"mainEntityOfPage\":{\"@id\":\"https:\/\/www.hotelalpi.com\/fr\/rome-jazz-festival-2019-2\/\"},\"wordCount\":214,\"publisher\":{\"@id\":\"https:\/\/www.hotelalpi.com\/fr\/#organization\"},\"image\":{\"@id\":\"https:\/\/www.hotelalpi.com\/fr\/rome-jazz-festival-2019-2\/#primaryimage\"},\"thumbnailUrl\":\"https:\/\/www.hotelalpi.com\/wp-content\/uploads\/2022\/04\/Rome_Jazz_Festival_2019.jpg\",\"articleSection\":[\"Non categorizzato\",\"Uncategorized\"],\"inLanguage\":\"fr-FR\"},{\"@type\":\"WebPage\",\"@id\":\"https:\/\/www.hotelalpi.com\/fr\/rome-jazz-festival-2019-2\/\",\"url\":\"https:\/\/www.hotelalpi.com\/fr\/rome-jazz-festival-2019-2\/\",\"name\":\"Rome Jazz Festival 2019 - Hotel Alpi Roma\",\"isPartOf\":{\"@id\":\"https:\/\/www.hotelalpi.com\/fr\/#website\"},\"primaryImageOfPage\":{\"@id\":\"https:\/\/www.hotelalpi.com\/fr\/rome-jazz-festival-2019-2\/#primaryimage\"},\"image\":{\"@id\":\"https:\/\/www.hotelalpi.com\/fr\/rome-jazz-festival-2019-2\/#primaryimage\"},\"thumbnailUrl\":\"https:\/\/www.hotelalpi.com\/wp-content\/uploads\/2022\/04\/Rome_Jazz_Festival_2019.jpg\",\"datePublished\":\"2019-09-30T09:16:25+00:00\",\"dateModified\":\"2023-05-30T07:58:26+00:00\",\"breadcrumb\":{\"@id\":\"https:\/\/www.hotelalpi.com\/fr\/rome-jazz-festival-2019-2\/#breadcrumb\"},\"inLanguage\":\"fr-FR\",\"potentialAction\":[{\"@type\":\"ReadAction\",\"target\":[\"https:\/\/www.hotelalpi.com\/fr\/rome-jazz-festival-2019-2\/\"]}]},{\"@type\":\"ImageObject\",\"inLanguage\":\"fr-FR\",\"@id\":\"https:\/\/www.hotelalpi.com\/fr\/rome-jazz-festival-2019-2\/#primaryimage\",\"url\":\"https:\/\/www.hotelalpi.com\/wp-content\/uploads\/2022\/04\/Rome_Jazz_Festival_2019.jpg\",\"contentUrl\":\"https:\/\/www.hotelalpi.com\/wp-content\/uploads\/2022\/04\/Rome_Jazz_Festival_2019.jpg\",\"width\":1980,\"height\":1020},{\"@type\":\"BreadcrumbList\",\"@id\":\"https:\/\/www.hotelalpi.com\/fr\/rome-jazz-festival-2019-2\/#breadcrumb\",\"itemListElement\":[{\"@type\":\"ListItem\",\"position\":1,\"name\":\"Home\",\"item\":\"https:\/\/www.hotelalpi.com\/fr\/\"},{\"@type\":\"ListItem\",\"position\":2,\"name\":\"Rome Jazz Festival 2019\"}]},{\"@type\":\"WebSite\",\"@id\":\"https:\/\/www.hotelalpi.com\/fr\/#website\",\"url\":\"https:\/\/www.hotelalpi.com\/fr\/\",\"name\":\"Hotel Alpi Roma\",\"description\":\"\",\"publisher\":{\"@id\":\"https:\/\/www.hotelalpi.com\/fr\/#organization\"},\"potentialAction\":[{\"@type\":\"SearchAction\",\"target\":{\"@type\":\"EntryPoint\",\"urlTemplate\":\"https:\/\/www.hotelalpi.com\/fr\/?s={search_term_string}\"},\"query-input\":{\"@type\":\"PropertyValueSpecification\",\"valueRequired\":true,\"valueName\":\"search_term_string\"}}],\"inLanguage\":\"fr-FR\"},{\"@type\":\"Organization\",\"@id\":\"https:\/\/www.hotelalpi.com\/fr\/#organization\",\"name\":\"Hotel Alpi Roma\",\"url\":\"https:\/\/www.hotelalpi.com\/fr\/\",\"logo\":{\"@type\":\"ImageObject\",\"inLanguage\":\"fr-FR\",\"@id\":\"https:\/\/www.hotelalpi.com\/fr\/#\/schema\/logo\/image\/\",\"url\":\"https:\/\/www.hotelalpi.com\/wp-content\/uploads\/2020\/09\/logo_alpihotel.png\",\"contentUrl\":\"https:\/\/www.hotelalpi.com\/wp-content\/uploads\/2020\/09\/logo_alpihotel.png\",\"width\":118,\"height\":98,\"caption\":\"Hotel Alpi Roma\"},\"image\":{\"@id\":\"https:\/\/www.hotelalpi.com\/fr\/#\/schema\/logo\/image\/\"}},{\"@type\":\"Person\",\"@id\":\"https:\/\/www.hotelalpi.com\/fr\/#\/schema\/person\/a67177dbfe8ef96e576e2134dad001b2\",\"name\":\"sviluppatore\",\"image\":{\"@type\":\"ImageObject\",\"inLanguage\":\"fr-FR\",\"@id\":\"https:\/\/www.hotelalpi.com\/fr\/#\/schema\/person\/image\/\",\"url\":\"https:\/\/www.hotelalpi.com\/wp-content\/litespeed\/avatar\/4e8fe51ed6805ab8683e7c844867b96e.jpg?ver=1777632698\",\"contentUrl\":\"https:\/\/www.hotelalpi.com\/wp-content\/litespeed\/avatar\/4e8fe51ed6805ab8683e7c844867b96e.jpg?ver=1777632698\",\"caption\":\"sviluppatore\"}}]}<\/script>\n<!-- \/ Yoast SEO plugin. -->","yoast_head_json":{"title":"Rome Jazz Festival 2019 - Hotel Alpi Roma","robots":{"index":"index","follow":"follow","max-snippet":"max-snippet:-1","max-image-preview":"max-image-preview:large","max-video-preview":"max-video-preview:-1"},"canonical":"https:\/\/www.hotelalpi.com\/fr\/rome-jazz-festival-2019-2\/","og_locale":"fr_FR","og_type":"article","og_title":"Rome Jazz Festival 2019 - Hotel Alpi Roma","og_description":"Rome est Jazz, du 1er novembre au 1er d\u00e9cembre. Au festival de jazz de rome 2019. \u00cates-vous un amateur de jazz comme nous? Novembre est le mois id\u00e9al pour visiter Rome, \u00e0 l\u2019Alpi Boutique Hotel de Rome. Un projet ambitieux qui r\u00e9unit des musiciens du monde entier qui partagent une musique, certes, et issus de [&hellip;]","og_url":"https:\/\/www.hotelalpi.com\/fr\/rome-jazz-festival-2019-2\/","og_site_name":"Hotel Alpi Roma","article_published_time":"2019-09-30T09:16:25+00:00","article_modified_time":"2023-05-30T07:58:26+00:00","og_image":[{"width":1980,"height":1020,"url":"https:\/\/www.hotelalpi.com\/wp-content\/uploads\/2022\/04\/Rome_Jazz_Festival_2019.jpg","type":"image\/jpeg"}],"author":"sviluppatore","twitter_card":"summary_large_image","twitter_misc":{"\u00c9crit par":"sviluppatore","Dur\u00e9e de lecture estim\u00e9e":"2 minutes"},"schema":{"@context":"https:\/\/schema.org","@graph":[{"@type":"Article","@id":"https:\/\/www.hotelalpi.com\/fr\/rome-jazz-festival-2019-2\/#article","isPartOf":{"@id":"https:\/\/www.hotelalpi.com\/fr\/rome-jazz-festival-2019-2\/"},"author":{"name":"sviluppatore","@id":"https:\/\/www.hotelalpi.com\/fr\/#\/schema\/person\/a67177dbfe8ef96e576e2134dad001b2"},"headline":"Rome Jazz Festival 2019","datePublished":"2019-09-30T09:16:25+00:00","dateModified":"2023-05-30T07:58:26+00:00","mainEntityOfPage":{"@id":"https:\/\/www.hotelalpi.com\/fr\/rome-jazz-festival-2019-2\/"},"wordCount":214,"publisher":{"@id":"https:\/\/www.hotelalpi.com\/fr\/#organization"},"image":{"@id":"https:\/\/www.hotelalpi.com\/fr\/rome-jazz-festival-2019-2\/#primaryimage"},"thumbnailUrl":"https:\/\/www.hotelalpi.com\/wp-content\/uploads\/2022\/04\/Rome_Jazz_Festival_2019.jpg","articleSection":["Non categorizzato","Uncategorized"],"inLanguage":"fr-FR"},{"@type":"WebPage","@id":"https:\/\/www.hotelalpi.com\/fr\/rome-jazz-festival-2019-2\/","url":"https:\/\/www.hotelalpi.com\/fr\/rome-jazz-festival-2019-2\/","name":"Rome Jazz Festival 2019 - Hotel Alpi Roma","isPartOf":{"@id":"https:\/\/www.hotelalpi.com\/fr\/#website"},"primaryImageOfPage":{"@id":"https:\/\/www.hotelalpi.com\/fr\/rome-jazz-festival-2019-2\/#primaryimage"},"image":{"@id":"https:\/\/www.hotelalpi.com\/fr\/rome-jazz-festival-2019-2\/#primaryimage"},"thumbnailUrl":"https:\/\/www.hotelalpi.com\/wp-content\/uploads\/2022\/04\/Rome_Jazz_Festival_2019.jpg","datePublished":"2019-09-30T09:16:25+00:00","dateModified":"2023-05-30T07:58:26+00:00","breadcrumb":{"@id":"https:\/\/www.hotelalpi.com\/fr\/rome-jazz-festival-2019-2\/#breadcrumb"},"inLanguage":"fr-FR","potentialAction":[{"@type":"ReadAction","target":["https:\/\/www.hotelalpi.com\/fr\/rome-jazz-festival-2019-2\/"]}]},{"@type":"ImageObject","inLanguage":"fr-FR","@id":"https:\/\/www.hotelalpi.com\/fr\/rome-jazz-festival-2019-2\/#primaryimage","url":"https:\/\/www.hotelalpi.com\/wp-content\/uploads\/2022\/04\/Rome_Jazz_Festival_2019.jpg","contentUrl":"https:\/\/www.hotelalpi.com\/wp-content\/uploads\/2022\/04\/Rome_Jazz_Festival_2019.jpg","width":1980,"height":1020},{"@type":"BreadcrumbList","@id":"https:\/\/www.hotelalpi.com\/fr\/rome-jazz-festival-2019-2\/#breadcrumb","itemListElement":[{"@type":"ListItem","position":1,"name":"Home","item":"https:\/\/www.hotelalpi.com\/fr\/"},{"@type":"ListItem","position":2,"name":"Rome Jazz Festival 2019"}]},{"@type":"WebSite","@id":"https:\/\/www.hotelalpi.com\/fr\/#website","url":"https:\/\/www.hotelalpi.com\/fr\/","name":"Hotel Alpi Roma","description":"","publisher":{"@id":"https:\/\/www.hotelalpi.com\/fr\/#organization"},"potentialAction":[{"@type":"SearchAction","target":{"@type":"EntryPoint","urlTemplate":"https:\/\/www.hotelalpi.com\/fr\/?s={search_term_string}"},"query-input":{"@type":"PropertyValueSpecification","valueRequired":true,"valueName":"search_term_string"}}],"inLanguage":"fr-FR"},{"@type":"Organization","@id":"https:\/\/www.hotelalpi.com\/fr\/#organization","name":"Hotel Alpi Roma","url":"https:\/\/www.hotelalpi.com\/fr\/","logo":{"@type":"ImageObject","inLanguage":"fr-FR","@id":"https:\/\/www.hotelalpi.com\/fr\/#\/schema\/logo\/image\/","url":"https:\/\/www.hotelalpi.com\/wp-content\/uploads\/2020\/09\/logo_alpihotel.png","contentUrl":"https:\/\/www.hotelalpi.com\/wp-content\/uploads\/2020\/09\/logo_alpihotel.png","width":118,"height":98,"caption":"Hotel Alpi Roma"},"image":{"@id":"https:\/\/www.hotelalpi.com\/fr\/#\/schema\/logo\/image\/"}},{"@type":"Person","@id":"https:\/\/www.hotelalpi.com\/fr\/#\/schema\/person\/a67177dbfe8ef96e576e2134dad001b2","name":"sviluppatore","image":{"@type":"ImageObject","inLanguage":"fr-FR","@id":"https:\/\/www.hotelalpi.com\/fr\/#\/schema\/person\/image\/","url":"https:\/\/www.hotelalpi.com\/wp-content\/litespeed\/avatar\/4e8fe51ed6805ab8683e7c844867b96e.jpg?ver=1777632698","contentUrl":"https:\/\/www.hotelalpi.com\/wp-content\/litespeed\/avatar\/4e8fe51ed6805ab8683e7c844867b96e.jpg?ver=1777632698","caption":"sviluppatore"}}]}},"_links":{"self":[{"href":"https:\/\/www.hotelalpi.com\/fr\/wp-json\/wp\/v2\/posts\/3758","targetHints":{"allow":["GET"]}}],"collection":[{"href":"https:\/\/www.hotelalpi.com\/fr\/wp-json\/wp\/v2\/posts"}],"about":[{"href":"https:\/\/www.hotelalpi.com\/fr\/wp-json\/wp\/v2\/types\/post"}],"author":[{"embeddable":true,"href":"https:\/\/www.hotelalpi.com\/fr\/wp-json\/wp\/v2\/users\/2"}],"replies":[{"embeddable":true,"href":"https:\/\/www.hotelalpi.com\/fr\/wp-json\/wp\/v2\/comments?post=3758"}],"version-history":[{"count":3,"href":"https:\/\/www.hotelalpi.com\/fr\/wp-json\/wp\/v2\/posts\/3758\/revisions"}],"predecessor-version":[{"id":8330,"href":"https:\/\/www.hotelalpi.com\/fr\/wp-json\/wp\/v2\/posts\/3758\/revisions\/8330"}],"wp:featuredmedia":[{"embeddable":true,"href":"https:\/\/www.hotelalpi.com\/fr\/wp-json\/wp\/v2\/media\/3756"}],"wp:attachment":[{"href":"https:\/\/www.hotelalpi.com\/fr\/wp-json\/wp\/v2\/media?parent=3758"}],"wp:term":[{"taxonomy":"category","embeddable":true,"href":"https:\/\/www.hotelalpi.com\/fr\/wp-json\/wp\/v2\/categories?post=3758"},{"taxonomy":"post_tag","embeddable":true,"href":"https:\/\/www.hotelalpi.com\/fr\/wp-json\/wp\/v2\/tags?post=3758"}],"curies":[{"name":"wp","href":"https:\/\/api.w.org\/{rel}","templated":true}]}}