{"id":3815,"date":"2020-01-14T10:21:32","date_gmt":"2020-01-14T10:21:32","guid":{"rendered":"https:\/\/hotelalpi.com\/exposicion-de-raffaello-en-roma\/"},"modified":"2022-07-19T08:53:06","modified_gmt":"2022-07-19T08:53:06","slug":"exposicion-de-raffaello-en-roma","status":"publish","type":"post","link":"https:\/\/www.hotelalpi.com\/es\/exposicion-de-raffaello-en-roma\/","title":{"rendered":"Exposici\u00f3n de Raffaello en Roma"},"content":{"rendered":"<p>Una de las exposiciones m\u00e1s impresionantes dedicadas a Rafael se abrir\u00e1 en Roma del 5 de marzo al 2 de junio en la Scuderie del Quirinale.<\/p>\n<p>Una oportunidad \u00fanica, hecha posible por el trabajo de museos italianos e internacionales como el Louvre en Par\u00eds, la Galer\u00eda Nacional de Londres, el Prado en Madrid y varios museos italianos como The Uffizi, la Pinacoteca di Bologna y muchos otros, que enriquecer\u00e1n La exposici\u00f3n con sus propias obras maestras de Rafael.<\/p>\n<p><a href=\"https:\/\/www.hotelalpi.com\/wp-content\/uploads\/2020\/01\/mostra_raffaello_roma.jpg\" data-lbwps-width=\"800\" data-lbwps-height=\"548\" data-lbwps-srcsmall=\"https:\/\/www.hotelalpi.com\/wp-content\/uploads\/2020\/01\/mostra_raffaello_roma-300x206.jpg\"> <img decoding=\"async\" class=\"img-responsive size-full wp-image-3362\" src=\" https:\/\/www.hotelalpi.com\/wp-content\/uploads\/2020\/01\/mostra_raffaello_roma.jpg \" alt=\" Mostra_raffaello_roma \"> <\/a><\/p>\n<p>La exposici\u00f3n presentar\u00e1 200 obras maestras del pintor, s\u00edmbolo del Renacimiento, con motivo de las celebraciones mundiales por los 500 a\u00f1os desde su muerte, que tuvo lugar en Roma el 6 de abril de 1520, con solo 37 a\u00f1os.<\/p>\n<p>Raffaello Sanzio, universalmente conocido como Raffaello, naci\u00f3 en Urbino, Umbr\u00eda, que en esos a\u00f1os estaba en el centro de la poderosa revoluci\u00f3n del Renacimiento que marc\u00f3 el mundo entero. En Umbr\u00eda se entren\u00f3 teniendo la oportunidad de estudiar artistas como Piero della Francesca, para luego llegar a la escuela de Perugino. Rafael trabaj\u00f3 con gran \u00e9xito en toda Italia antes de llegar a Roma a principios de 1500, convocado por el Papa Julio II sobre la sugerencia, seg\u00fan se dice, de Bramante que junto con Miguel \u00c1ngel ya enriquecieron la corte papal.<\/p>\n<p><a href=\"https:\/\/www.hotelalpi.com\/wp-content\/uploads\/2020\/01\/Rome_exhibition_raffaello.jpg\" data-lbwps-width=\"800\" data-lbwps-height=\"548\" data-lbwps-srcsmall=\"https:\/\/www.hotelalpi.com\/wp-content\/uploads\/2020\/01\/Rome_exhibition_raffaello-300x206.jpg\"> <img decoding=\"async\" class=\"img-responsive size-full wp-image-3363\" src=\" https:\/\/www.hotelalpi.com\/wp-content\/uploads\/2020\/01\/Rome_exhibition_raffaello.jpg \" alt=\" Rome_exhibition_raffaello \"> <\/a><\/p>\n<p>Entre las muchas obras de Rafael tambi\u00e9n se cont\u00f3 con la colaboraci\u00f3n de la bas\u00edlica de San Pedro y muchos palacios romanos famosos.<\/p>\n<p><a href=\"https:\/\/www.hotelalpi.com\/wp-content\/uploads\/2020\/01\/Raffaello_Sanzio_rome.jpg\" data-lbwps-width=\"800\" data-lbwps-height=\"548\" data-lbwps-srcsmall=\"https:\/\/www.hotelalpi.com\/wp-content\/uploads\/2020\/01\/Raffaello_Sanzio_rome-300x206.jpg\"> <img decoding=\"async\" class=\"img-responsive size-full wp-image-3364\" src=\" https:\/\/www.hotelalpi.com\/wp-content\/uploads\/2020\/01\/Raffaello_Sanzio_rome.jpg \" alt=\" Raffaello_Sanzio_rome \"> <\/a><\/p>\n<p>En el Boutique Hotel Alpi queremos celebrar 500 a\u00f1os desde la muerte de Raphael con usted. Los establos de Quirinale est\u00e1n muy cerca de nuestro hotel y Termini. Reserve su visita ahora y recuerde nuestro c\u00f3digo de promoci\u00f3n \u00abAlpiRoma\u00bb para obtener el mejor precio disponible en l\u00ednea.<\/p>\n<p>\u00a1Te veo all\u00ed! Larga vida a Raffaello.<\/p>\n","protected":false},"excerpt":{"rendered":"<p>Una de las exposiciones m\u00e1s impresionantes dedicadas a Rafael se abrir\u00e1 en Roma del 5 de marzo al 2 de junio en la Scuderie del Quirinale. Una oportunidad \u00fanica, hecha posible por el trabajo de museos italianos e internacionales como el Louvre en Par\u00eds, la Galer\u00eda Nacional de Londres, el Prado en Madrid y varios [&hellip;]<\/p>\n","protected":false},"author":2,"featured_media":3812,"comment_status":"closed","ping_status":"closed","sticky":false,"template":"","format":"standard","meta":{"_acf_changed":false,"footnotes":""},"categories":[72],"tags":[],"class_list":["post-3815","post","type-post","status-publish","format-standard","has-post-thumbnail","hentry","category-sin-categorizar"],"acf":[],"yoast_head":"<!-- This site is optimized with the Yoast SEO plugin v25.3.1 - https:\/\/yoast.com\/wordpress\/plugins\/seo\/ -->\n<title>Exposici\u00f3n de Raffaello en Roma - Hotel Alpi Roma<\/title>\n<meta name=\"robots\" content=\"index, follow, max-snippet:-1, max-image-preview:large, max-video-preview:-1\" \/>\n<link rel=\"canonical\" href=\"https:\/\/www.hotelalpi.com\/es\/exposicion-de-raffaello-en-roma\/\" \/>\n<meta property=\"og:locale\" content=\"es_ES\" \/>\n<meta property=\"og:type\" content=\"article\" \/>\n<meta property=\"og:title\" content=\"Exposici\u00f3n de Raffaello en Roma - Hotel Alpi Roma\" \/>\n<meta property=\"og:description\" content=\"Una de las exposiciones m\u00e1s impresionantes dedicadas a Rafael se abrir\u00e1 en Roma del 5 de marzo al 2 de junio en la Scuderie del Quirinale. Una oportunidad \u00fanica, hecha posible por el trabajo de museos italianos e internacionales como el Louvre en Par\u00eds, la Galer\u00eda Nacional de Londres, el Prado en Madrid y varios [&hellip;]\" \/>\n<meta property=\"og:url\" content=\"https:\/\/www.hotelalpi.com\/es\/exposicion-de-raffaello-en-roma\/\" \/>\n<meta property=\"og:site_name\" content=\"Hotel Alpi Roma\" \/>\n<meta property=\"article:published_time\" content=\"2020-01-14T10:21:32+00:00\" \/>\n<meta property=\"article:modified_time\" content=\"2022-07-19T08:53:06+00:00\" \/>\n<meta property=\"og:image\" content=\"https:\/\/www.hotelalpi.com\/wp-content\/uploads\/2022\/04\/Raffaello_a_roma.jpg\" \/>\n\t<meta property=\"og:image:width\" content=\"1628\" \/>\n\t<meta property=\"og:image:height\" content=\"816\" \/>\n\t<meta property=\"og:image:type\" content=\"image\/jpeg\" \/>\n<meta name=\"author\" content=\"sviluppatore\" \/>\n<meta name=\"twitter:card\" content=\"summary_large_image\" \/>\n<meta name=\"twitter:label1\" content=\"Escrito por\" \/>\n\t<meta name=\"twitter:data1\" content=\"sviluppatore\" \/>\n\t<meta name=\"twitter:label2\" content=\"Tiempo de lectura\" \/>\n\t<meta name=\"twitter:data2\" content=\"3 minutos\" \/>\n<script type=\"application\/ld+json\" class=\"yoast-schema-graph\">{\"@context\":\"https:\/\/schema.org\",\"@graph\":[{\"@type\":\"Article\",\"@id\":\"https:\/\/www.hotelalpi.com\/es\/exposicion-de-raffaello-en-roma\/#article\",\"isPartOf\":{\"@id\":\"https:\/\/www.hotelalpi.com\/es\/exposicion-de-raffaello-en-roma\/\"},\"author\":{\"name\":\"sviluppatore\",\"@id\":\"https:\/\/www.hotelalpi.com\/es\/#\/schema\/person\/a67177dbfe8ef96e576e2134dad001b2\"},\"headline\":\"Exposici\u00f3n de Raffaello en Roma\",\"datePublished\":\"2020-01-14T10:21:32+00:00\",\"dateModified\":\"2022-07-19T08:53:06+00:00\",\"mainEntityOfPage\":{\"@id\":\"https:\/\/www.hotelalpi.com\/es\/exposicion-de-raffaello-en-roma\/\"},\"wordCount\":305,\"publisher\":{\"@id\":\"https:\/\/www.hotelalpi.com\/es\/#organization\"},\"image\":{\"@id\":\"https:\/\/www.hotelalpi.com\/es\/exposicion-de-raffaello-en-roma\/#primaryimage\"},\"thumbnailUrl\":\"https:\/\/www.hotelalpi.com\/wp-content\/uploads\/2022\/04\/Raffaello_a_roma.jpg\",\"articleSection\":[\"Sin categorizar\"],\"inLanguage\":\"es\"},{\"@type\":\"WebPage\",\"@id\":\"https:\/\/www.hotelalpi.com\/es\/exposicion-de-raffaello-en-roma\/\",\"url\":\"https:\/\/www.hotelalpi.com\/es\/exposicion-de-raffaello-en-roma\/\",\"name\":\"Exposici\u00f3n de Raffaello en Roma - Hotel Alpi Roma\",\"isPartOf\":{\"@id\":\"https:\/\/www.hotelalpi.com\/es\/#website\"},\"primaryImageOfPage\":{\"@id\":\"https:\/\/www.hotelalpi.com\/es\/exposicion-de-raffaello-en-roma\/#primaryimage\"},\"image\":{\"@id\":\"https:\/\/www.hotelalpi.com\/es\/exposicion-de-raffaello-en-roma\/#primaryimage\"},\"thumbnailUrl\":\"https:\/\/www.hotelalpi.com\/wp-content\/uploads\/2022\/04\/Raffaello_a_roma.jpg\",\"datePublished\":\"2020-01-14T10:21:32+00:00\",\"dateModified\":\"2022-07-19T08:53:06+00:00\",\"breadcrumb\":{\"@id\":\"https:\/\/www.hotelalpi.com\/es\/exposicion-de-raffaello-en-roma\/#breadcrumb\"},\"inLanguage\":\"es\",\"potentialAction\":[{\"@type\":\"ReadAction\",\"target\":[\"https:\/\/www.hotelalpi.com\/es\/exposicion-de-raffaello-en-roma\/\"]}]},{\"@type\":\"ImageObject\",\"inLanguage\":\"es\",\"@id\":\"https:\/\/www.hotelalpi.com\/es\/exposicion-de-raffaello-en-roma\/#primaryimage\",\"url\":\"https:\/\/www.hotelalpi.com\/wp-content\/uploads\/2022\/04\/Raffaello_a_roma.jpg\",\"contentUrl\":\"https:\/\/www.hotelalpi.com\/wp-content\/uploads\/2022\/04\/Raffaello_a_roma.jpg\",\"width\":1628,\"height\":816},{\"@type\":\"BreadcrumbList\",\"@id\":\"https:\/\/www.hotelalpi.com\/es\/exposicion-de-raffaello-en-roma\/#breadcrumb\",\"itemListElement\":[{\"@type\":\"ListItem\",\"position\":1,\"name\":\"Home\",\"item\":\"https:\/\/www.hotelalpi.com\/es\/\"},{\"@type\":\"ListItem\",\"position\":2,\"name\":\"Exposici\u00f3n de Raffaello en Roma\"}]},{\"@type\":\"WebSite\",\"@id\":\"https:\/\/www.hotelalpi.com\/es\/#website\",\"url\":\"https:\/\/www.hotelalpi.com\/es\/\",\"name\":\"Hotel Alpi Roma\",\"description\":\"\",\"publisher\":{\"@id\":\"https:\/\/www.hotelalpi.com\/es\/#organization\"},\"potentialAction\":[{\"@type\":\"SearchAction\",\"target\":{\"@type\":\"EntryPoint\",\"urlTemplate\":\"https:\/\/www.hotelalpi.com\/es\/?s={search_term_string}\"},\"query-input\":{\"@type\":\"PropertyValueSpecification\",\"valueRequired\":true,\"valueName\":\"search_term_string\"}}],\"inLanguage\":\"es\"},{\"@type\":\"Organization\",\"@id\":\"https:\/\/www.hotelalpi.com\/es\/#organization\",\"name\":\"Hotel Alpi Roma\",\"url\":\"https:\/\/www.hotelalpi.com\/es\/\",\"logo\":{\"@type\":\"ImageObject\",\"inLanguage\":\"es\",\"@id\":\"https:\/\/www.hotelalpi.com\/es\/#\/schema\/logo\/image\/\",\"url\":\"https:\/\/www.hotelalpi.com\/wp-content\/uploads\/2020\/09\/logo_alpihotel.png\",\"contentUrl\":\"https:\/\/www.hotelalpi.com\/wp-content\/uploads\/2020\/09\/logo_alpihotel.png\",\"width\":118,\"height\":98,\"caption\":\"Hotel Alpi Roma\"},\"image\":{\"@id\":\"https:\/\/www.hotelalpi.com\/es\/#\/schema\/logo\/image\/\"}},{\"@type\":\"Person\",\"@id\":\"https:\/\/www.hotelalpi.com\/es\/#\/schema\/person\/a67177dbfe8ef96e576e2134dad001b2\",\"name\":\"sviluppatore\",\"image\":{\"@type\":\"ImageObject\",\"inLanguage\":\"es\",\"@id\":\"https:\/\/www.hotelalpi.com\/es\/#\/schema\/person\/image\/\",\"url\":\"https:\/\/www.hotelalpi.com\/wp-content\/litespeed\/avatar\/4e8fe51ed6805ab8683e7c844867b96e.jpg?ver=1777632698\",\"contentUrl\":\"https:\/\/www.hotelalpi.com\/wp-content\/litespeed\/avatar\/4e8fe51ed6805ab8683e7c844867b96e.jpg?ver=1777632698\",\"caption\":\"sviluppatore\"}}]}<\/script>\n<!-- \/ Yoast SEO plugin. -->","yoast_head_json":{"title":"Exposici\u00f3n de Raffaello en Roma - Hotel Alpi Roma","robots":{"index":"index","follow":"follow","max-snippet":"max-snippet:-1","max-image-preview":"max-image-preview:large","max-video-preview":"max-video-preview:-1"},"canonical":"https:\/\/www.hotelalpi.com\/es\/exposicion-de-raffaello-en-roma\/","og_locale":"es_ES","og_type":"article","og_title":"Exposici\u00f3n de Raffaello en Roma - Hotel Alpi Roma","og_description":"Una de las exposiciones m\u00e1s impresionantes dedicadas a Rafael se abrir\u00e1 en Roma del 5 de marzo al 2 de junio en la Scuderie del Quirinale. Una oportunidad \u00fanica, hecha posible por el trabajo de museos italianos e internacionales como el Louvre en Par\u00eds, la Galer\u00eda Nacional de Londres, el Prado en Madrid y varios [&hellip;]","og_url":"https:\/\/www.hotelalpi.com\/es\/exposicion-de-raffaello-en-roma\/","og_site_name":"Hotel Alpi Roma","article_published_time":"2020-01-14T10:21:32+00:00","article_modified_time":"2022-07-19T08:53:06+00:00","og_image":[{"width":1628,"height":816,"url":"https:\/\/www.hotelalpi.com\/wp-content\/uploads\/2022\/04\/Raffaello_a_roma.jpg","type":"image\/jpeg"}],"author":"sviluppatore","twitter_card":"summary_large_image","twitter_misc":{"Escrito por":"sviluppatore","Tiempo de lectura":"3 minutos"},"schema":{"@context":"https:\/\/schema.org","@graph":[{"@type":"Article","@id":"https:\/\/www.hotelalpi.com\/es\/exposicion-de-raffaello-en-roma\/#article","isPartOf":{"@id":"https:\/\/www.hotelalpi.com\/es\/exposicion-de-raffaello-en-roma\/"},"author":{"name":"sviluppatore","@id":"https:\/\/www.hotelalpi.com\/es\/#\/schema\/person\/a67177dbfe8ef96e576e2134dad001b2"},"headline":"Exposici\u00f3n de Raffaello en Roma","datePublished":"2020-01-14T10:21:32+00:00","dateModified":"2022-07-19T08:53:06+00:00","mainEntityOfPage":{"@id":"https:\/\/www.hotelalpi.com\/es\/exposicion-de-raffaello-en-roma\/"},"wordCount":305,"publisher":{"@id":"https:\/\/www.hotelalpi.com\/es\/#organization"},"image":{"@id":"https:\/\/www.hotelalpi.com\/es\/exposicion-de-raffaello-en-roma\/#primaryimage"},"thumbnailUrl":"https:\/\/www.hotelalpi.com\/wp-content\/uploads\/2022\/04\/Raffaello_a_roma.jpg","articleSection":["Sin categorizar"],"inLanguage":"es"},{"@type":"WebPage","@id":"https:\/\/www.hotelalpi.com\/es\/exposicion-de-raffaello-en-roma\/","url":"https:\/\/www.hotelalpi.com\/es\/exposicion-de-raffaello-en-roma\/","name":"Exposici\u00f3n de Raffaello en Roma - Hotel Alpi Roma","isPartOf":{"@id":"https:\/\/www.hotelalpi.com\/es\/#website"},"primaryImageOfPage":{"@id":"https:\/\/www.hotelalpi.com\/es\/exposicion-de-raffaello-en-roma\/#primaryimage"},"image":{"@id":"https:\/\/www.hotelalpi.com\/es\/exposicion-de-raffaello-en-roma\/#primaryimage"},"thumbnailUrl":"https:\/\/www.hotelalpi.com\/wp-content\/uploads\/2022\/04\/Raffaello_a_roma.jpg","datePublished":"2020-01-14T10:21:32+00:00","dateModified":"2022-07-19T08:53:06+00:00","breadcrumb":{"@id":"https:\/\/www.hotelalpi.com\/es\/exposicion-de-raffaello-en-roma\/#breadcrumb"},"inLanguage":"es","potentialAction":[{"@type":"ReadAction","target":["https:\/\/www.hotelalpi.com\/es\/exposicion-de-raffaello-en-roma\/"]}]},{"@type":"ImageObject","inLanguage":"es","@id":"https:\/\/www.hotelalpi.com\/es\/exposicion-de-raffaello-en-roma\/#primaryimage","url":"https:\/\/www.hotelalpi.com\/wp-content\/uploads\/2022\/04\/Raffaello_a_roma.jpg","contentUrl":"https:\/\/www.hotelalpi.com\/wp-content\/uploads\/2022\/04\/Raffaello_a_roma.jpg","width":1628,"height":816},{"@type":"BreadcrumbList","@id":"https:\/\/www.hotelalpi.com\/es\/exposicion-de-raffaello-en-roma\/#breadcrumb","itemListElement":[{"@type":"ListItem","position":1,"name":"Home","item":"https:\/\/www.hotelalpi.com\/es\/"},{"@type":"ListItem","position":2,"name":"Exposici\u00f3n de Raffaello en Roma"}]},{"@type":"WebSite","@id":"https:\/\/www.hotelalpi.com\/es\/#website","url":"https:\/\/www.hotelalpi.com\/es\/","name":"Hotel Alpi Roma","description":"","publisher":{"@id":"https:\/\/www.hotelalpi.com\/es\/#organization"},"potentialAction":[{"@type":"SearchAction","target":{"@type":"EntryPoint","urlTemplate":"https:\/\/www.hotelalpi.com\/es\/?s={search_term_string}"},"query-input":{"@type":"PropertyValueSpecification","valueRequired":true,"valueName":"search_term_string"}}],"inLanguage":"es"},{"@type":"Organization","@id":"https:\/\/www.hotelalpi.com\/es\/#organization","name":"Hotel Alpi Roma","url":"https:\/\/www.hotelalpi.com\/es\/","logo":{"@type":"ImageObject","inLanguage":"es","@id":"https:\/\/www.hotelalpi.com\/es\/#\/schema\/logo\/image\/","url":"https:\/\/www.hotelalpi.com\/wp-content\/uploads\/2020\/09\/logo_alpihotel.png","contentUrl":"https:\/\/www.hotelalpi.com\/wp-content\/uploads\/2020\/09\/logo_alpihotel.png","width":118,"height":98,"caption":"Hotel Alpi Roma"},"image":{"@id":"https:\/\/www.hotelalpi.com\/es\/#\/schema\/logo\/image\/"}},{"@type":"Person","@id":"https:\/\/www.hotelalpi.com\/es\/#\/schema\/person\/a67177dbfe8ef96e576e2134dad001b2","name":"sviluppatore","image":{"@type":"ImageObject","inLanguage":"es","@id":"https:\/\/www.hotelalpi.com\/es\/#\/schema\/person\/image\/","url":"https:\/\/www.hotelalpi.com\/wp-content\/litespeed\/avatar\/4e8fe51ed6805ab8683e7c844867b96e.jpg?ver=1777632698","contentUrl":"https:\/\/www.hotelalpi.com\/wp-content\/litespeed\/avatar\/4e8fe51ed6805ab8683e7c844867b96e.jpg?ver=1777632698","caption":"sviluppatore"}}]}},"_links":{"self":[{"href":"https:\/\/www.hotelalpi.com\/es\/wp-json\/wp\/v2\/posts\/3815","targetHints":{"allow":["GET"]}}],"collection":[{"href":"https:\/\/www.hotelalpi.com\/es\/wp-json\/wp\/v2\/posts"}],"about":[{"href":"https:\/\/www.hotelalpi.com\/es\/wp-json\/wp\/v2\/types\/post"}],"author":[{"embeddable":true,"href":"https:\/\/www.hotelalpi.com\/es\/wp-json\/wp\/v2\/users\/2"}],"replies":[{"embeddable":true,"href":"https:\/\/www.hotelalpi.com\/es\/wp-json\/wp\/v2\/comments?post=3815"}],"version-history":[{"count":2,"href":"https:\/\/www.hotelalpi.com\/es\/wp-json\/wp\/v2\/posts\/3815\/revisions"}],"predecessor-version":[{"id":8146,"href":"https:\/\/www.hotelalpi.com\/es\/wp-json\/wp\/v2\/posts\/3815\/revisions\/8146"}],"wp:featuredmedia":[{"embeddable":true,"href":"https:\/\/www.hotelalpi.com\/es\/wp-json\/wp\/v2\/media\/3812"}],"wp:attachment":[{"href":"https:\/\/www.hotelalpi.com\/es\/wp-json\/wp\/v2\/media?parent=3815"}],"wp:term":[{"taxonomy":"category","embeddable":true,"href":"https:\/\/www.hotelalpi.com\/es\/wp-json\/wp\/v2\/categories?post=3815"},{"taxonomy":"post_tag","embeddable":true,"href":"https:\/\/www.hotelalpi.com\/es\/wp-json\/wp\/v2\/tags?post=3815"}],"curies":[{"name":"wp","href":"https:\/\/api.w.org\/{rel}","templated":true}]}}