{"id":3876,"date":"2020-09-28T10:40:57","date_gmt":"2020-09-28T10:40:57","guid":{"rendered":"https:\/\/hotelalpi.com\/unser-sommer-in-rom\/"},"modified":"2022-07-18T08:46:07","modified_gmt":"2022-07-18T08:46:07","slug":"unser-sommer-in-rom","status":"publish","type":"post","link":"https:\/\/www.hotelalpi.com\/de\/unser-sommer-in-rom\/","title":{"rendered":"Unser Sommer in Rom"},"content":{"rendered":"<p>Wir verabschieden uns von einem ungew\u00f6hnlichen &lt;strong&gt; Sommer in Rom &lt;\/ strong&gt;<\/p>\n<p>Es war ein wirklich ungew\u00f6hnlicher Sommer in Rom. Noch ein paar Tage und der wundervolle r\u00f6mische Herbst wird mit seinem einzigartigen Charme von Farben, Sonnenunterg\u00e4ngen und jenen melancholischen und romantischen Atmosph\u00e4ren, die nur Rom anziehen kann, die Oberhand gewinnen.<\/p>\n<p>Ein Sommer in Rom, den wir im &lt;strong&gt; Boutique Hotel Alpi &lt;\/ strong&gt; ausgew\u00e4hlt haben, um mit Ihnen zu leben, in einer Stadt, die immer magisch ist, auch wenn sie keine Touristen mehr hat, die normalerweise dort leben. Die Museen mit sehr geringer Beteiligung, die Sch\u00f6nheiten Roms &#8222;alles f\u00fcr Sie&#8220;, wie ein r\u00f6misches Lied singt, die sonnigen und stillen Stra\u00dfen.<\/p>\n<p>&nbsp;<\/p>\n<p>In mancher Hinsicht war unser &lt;strong&gt; Sommer in Rom &lt;\/ strong&gt; eine gro\u00dfartige Wiederentdeckung. Wir konnten unseren G\u00e4sten noch mehr Zeit widmen, indem wir die Gelegenheit hatten, uns kennenzulernen, unsere Erfahrungen zu teilen, indem wir Freunde wurden, und die Worte eines unserer G\u00e4ste zitierten: &#8222;Wir sind als Kunden gekommen, wir gehen als Freunde&#8220;.<\/p>\n<p><a href=\"https:\/\/www.hotelalpi.com\/wp-content\/uploads\/2022\/04\/spanishsteps_rome.jpg\" data-lbwps-width=\"680\" data-lbwps-height=\"383\" data-lbwps-srcsmall=\"https:\/\/www.hotelalpi.com\/wp-content\/uploads\/2022\/04\/spanishsteps_rome-300x169.jpg\"><img decoding=\"async\" class=\"img-responsive size-full wp-image-3471\" src=\"https:\/\/www.hotelalpi.com\/wp-content\/uploads\/2022\/04\/spanishsteps_rome.jpg\" alt=\"spanishsteps_rome\"><\/a><\/p>\n<p>Auch wir im Hotel Alpi hatten die Gelegenheit, unsere Stadt zu genie\u00dfen, Touristen in der Ewigen Stadt zu sein, einer Stadt, die wir lieben und die uns jeden Tag auff\u00e4llt, eine kontinuierliche Wiederentdeckung. Rom ist eine Stadt, die Besucher willkommen hei\u00dft und mit ihnen kommuniziert. Dies geschieht mit den tausend Sch\u00f6nheiten, die es ber\u00fchmt machen, mit den Gassen der antiken Stadt, mit den Menschen, die dort leben. Eine Atmosph\u00e4re, die trotz ihrer gro\u00dfen Metropole immer einladend ist.<\/p>\n<p>Ein Freilichtmuseum, bereichert mit gro\u00dfen K\u00fcnstlern der Vergangenheit und Gegenwart.<br \/>\nWir beginnen von hier aus und nehmen uns den Raum und die Zeit zur\u00fcck, um uns jedem einzelnen zu widmen, damit Ihre Reise Ihnen Gl\u00fcck bringt.<br \/>\nRom ist eine offene Stadt und ihre Sch\u00f6nheit, ihre Geschichte und ihr Geheimnis, die die Welt immer zum Tr\u00e4umen gebracht haben, erscheinen nun endlich zug\u00e4nglich und unumg\u00e4nglich ohne die gro\u00dfe Menge.<\/p>\n<p>&nbsp;<\/p>\n","protected":false},"excerpt":{"rendered":"<p>Wir verabschieden uns von einem ungew\u00f6hnlichen &lt;strong&gt; Sommer in Rom &lt;\/ strong&gt; Es war ein wirklich ungew\u00f6hnlicher Sommer in Rom. Noch ein paar Tage und der wundervolle r\u00f6mische Herbst wird mit seinem einzigartigen Charme von Farben, Sonnenunterg\u00e4ngen und jenen melancholischen und romantischen Atmosph\u00e4ren, die nur Rom anziehen kann, die Oberhand gewinnen. Ein Sommer in Rom, [&hellip;]<\/p>\n","protected":false},"author":2,"featured_media":3870,"comment_status":"closed","ping_status":"closed","sticky":false,"template":"","format":"standard","meta":{"_acf_changed":false,"footnotes":""},"categories":[71],"tags":[],"class_list":["post-3876","post","type-post","status-publish","format-standard","has-post-thumbnail","hentry","category-unkategorisiert"],"acf":[],"yoast_head":"<!-- This site is optimized with the Yoast SEO plugin v25.3.1 - https:\/\/yoast.com\/wordpress\/plugins\/seo\/ -->\n<title>Unser Sommer in Rom - Hotel Alpi Roma<\/title>\n<meta name=\"robots\" content=\"index, follow, max-snippet:-1, max-image-preview:large, max-video-preview:-1\" \/>\n<link rel=\"canonical\" href=\"https:\/\/www.hotelalpi.com\/de\/unser-sommer-in-rom\/\" \/>\n<meta property=\"og:locale\" content=\"de_DE\" \/>\n<meta property=\"og:type\" content=\"article\" \/>\n<meta property=\"og:title\" content=\"Unser Sommer in Rom - Hotel Alpi Roma\" \/>\n<meta property=\"og:description\" content=\"Wir verabschieden uns von einem ungew\u00f6hnlichen &lt;strong&gt; Sommer in Rom &lt;\/ strong&gt; Es war ein wirklich ungew\u00f6hnlicher Sommer in Rom. Noch ein paar Tage und der wundervolle r\u00f6mische Herbst wird mit seinem einzigartigen Charme von Farben, Sonnenunterg\u00e4ngen und jenen melancholischen und romantischen Atmosph\u00e4ren, die nur Rom anziehen kann, die Oberhand gewinnen. Ein Sommer in Rom, [&hellip;]\" \/>\n<meta property=\"og:url\" content=\"https:\/\/www.hotelalpi.com\/de\/unser-sommer-in-rom\/\" \/>\n<meta property=\"og:site_name\" content=\"Hotel Alpi Roma\" \/>\n<meta property=\"article:published_time\" content=\"2020-09-28T10:40:57+00:00\" \/>\n<meta property=\"article:modified_time\" content=\"2022-07-18T08:46:07+00:00\" \/>\n<meta property=\"og:image\" content=\"https:\/\/www.hotelalpi.com\/wp-content\/uploads\/2022\/04\/header.jpg\" \/>\n\t<meta property=\"og:image:width\" content=\"1803\" \/>\n\t<meta property=\"og:image:height\" content=\"872\" \/>\n\t<meta property=\"og:image:type\" content=\"image\/jpeg\" \/>\n<meta name=\"author\" content=\"sviluppatore\" \/>\n<meta name=\"twitter:card\" content=\"summary_large_image\" \/>\n<meta name=\"twitter:label1\" content=\"Verfasst von\" \/>\n\t<meta name=\"twitter:data1\" content=\"sviluppatore\" \/>\n\t<meta name=\"twitter:label2\" content=\"Gesch\u00e4tzte Lesezeit\" \/>\n\t<meta name=\"twitter:data2\" content=\"2\u00a0Minuten\" \/>\n<script type=\"application\/ld+json\" class=\"yoast-schema-graph\">{\"@context\":\"https:\/\/schema.org\",\"@graph\":[{\"@type\":\"Article\",\"@id\":\"https:\/\/www.hotelalpi.com\/de\/unser-sommer-in-rom\/#article\",\"isPartOf\":{\"@id\":\"https:\/\/www.hotelalpi.com\/de\/unser-sommer-in-rom\/\"},\"author\":{\"name\":\"sviluppatore\",\"@id\":\"https:\/\/www.hotelalpi.com\/de\/#\/schema\/person\/a67177dbfe8ef96e576e2134dad001b2\"},\"headline\":\"Unser Sommer in Rom\",\"datePublished\":\"2020-09-28T10:40:57+00:00\",\"dateModified\":\"2022-07-18T08:46:07+00:00\",\"mainEntityOfPage\":{\"@id\":\"https:\/\/www.hotelalpi.com\/de\/unser-sommer-in-rom\/\"},\"wordCount\":352,\"publisher\":{\"@id\":\"https:\/\/www.hotelalpi.com\/de\/#organization\"},\"image\":{\"@id\":\"https:\/\/www.hotelalpi.com\/de\/unser-sommer-in-rom\/#primaryimage\"},\"thumbnailUrl\":\"https:\/\/www.hotelalpi.com\/wp-content\/uploads\/2022\/04\/header.jpg\",\"articleSection\":[\"Unkategorisiert\"],\"inLanguage\":\"de\"},{\"@type\":\"WebPage\",\"@id\":\"https:\/\/www.hotelalpi.com\/de\/unser-sommer-in-rom\/\",\"url\":\"https:\/\/www.hotelalpi.com\/de\/unser-sommer-in-rom\/\",\"name\":\"Unser Sommer in Rom - Hotel Alpi Roma\",\"isPartOf\":{\"@id\":\"https:\/\/www.hotelalpi.com\/de\/#website\"},\"primaryImageOfPage\":{\"@id\":\"https:\/\/www.hotelalpi.com\/de\/unser-sommer-in-rom\/#primaryimage\"},\"image\":{\"@id\":\"https:\/\/www.hotelalpi.com\/de\/unser-sommer-in-rom\/#primaryimage\"},\"thumbnailUrl\":\"https:\/\/www.hotelalpi.com\/wp-content\/uploads\/2022\/04\/header.jpg\",\"datePublished\":\"2020-09-28T10:40:57+00:00\",\"dateModified\":\"2022-07-18T08:46:07+00:00\",\"breadcrumb\":{\"@id\":\"https:\/\/www.hotelalpi.com\/de\/unser-sommer-in-rom\/#breadcrumb\"},\"inLanguage\":\"de\",\"potentialAction\":[{\"@type\":\"ReadAction\",\"target\":[\"https:\/\/www.hotelalpi.com\/de\/unser-sommer-in-rom\/\"]}]},{\"@type\":\"ImageObject\",\"inLanguage\":\"de\",\"@id\":\"https:\/\/www.hotelalpi.com\/de\/unser-sommer-in-rom\/#primaryimage\",\"url\":\"https:\/\/www.hotelalpi.com\/wp-content\/uploads\/2022\/04\/header.jpg\",\"contentUrl\":\"https:\/\/www.hotelalpi.com\/wp-content\/uploads\/2022\/04\/header.jpg\",\"width\":1803,\"height\":872},{\"@type\":\"BreadcrumbList\",\"@id\":\"https:\/\/www.hotelalpi.com\/de\/unser-sommer-in-rom\/#breadcrumb\",\"itemListElement\":[{\"@type\":\"ListItem\",\"position\":1,\"name\":\"Home\",\"item\":\"https:\/\/www.hotelalpi.com\/de\/\"},{\"@type\":\"ListItem\",\"position\":2,\"name\":\"Unser Sommer in Rom\"}]},{\"@type\":\"WebSite\",\"@id\":\"https:\/\/www.hotelalpi.com\/de\/#website\",\"url\":\"https:\/\/www.hotelalpi.com\/de\/\",\"name\":\"Hotel Alpi Roma\",\"description\":\"\",\"publisher\":{\"@id\":\"https:\/\/www.hotelalpi.com\/de\/#organization\"},\"potentialAction\":[{\"@type\":\"SearchAction\",\"target\":{\"@type\":\"EntryPoint\",\"urlTemplate\":\"https:\/\/www.hotelalpi.com\/de\/?s={search_term_string}\"},\"query-input\":{\"@type\":\"PropertyValueSpecification\",\"valueRequired\":true,\"valueName\":\"search_term_string\"}}],\"inLanguage\":\"de\"},{\"@type\":\"Organization\",\"@id\":\"https:\/\/www.hotelalpi.com\/de\/#organization\",\"name\":\"Hotel Alpi Roma\",\"url\":\"https:\/\/www.hotelalpi.com\/de\/\",\"logo\":{\"@type\":\"ImageObject\",\"inLanguage\":\"de\",\"@id\":\"https:\/\/www.hotelalpi.com\/de\/#\/schema\/logo\/image\/\",\"url\":\"https:\/\/www.hotelalpi.com\/wp-content\/uploads\/2020\/09\/logo_alpihotel.png\",\"contentUrl\":\"https:\/\/www.hotelalpi.com\/wp-content\/uploads\/2020\/09\/logo_alpihotel.png\",\"width\":118,\"height\":98,\"caption\":\"Hotel Alpi Roma\"},\"image\":{\"@id\":\"https:\/\/www.hotelalpi.com\/de\/#\/schema\/logo\/image\/\"}},{\"@type\":\"Person\",\"@id\":\"https:\/\/www.hotelalpi.com\/de\/#\/schema\/person\/a67177dbfe8ef96e576e2134dad001b2\",\"name\":\"sviluppatore\",\"image\":{\"@type\":\"ImageObject\",\"inLanguage\":\"de\",\"@id\":\"https:\/\/www.hotelalpi.com\/de\/#\/schema\/person\/image\/\",\"url\":\"https:\/\/www.hotelalpi.com\/wp-content\/litespeed\/avatar\/4e8fe51ed6805ab8683e7c844867b96e.jpg?ver=1777632698\",\"contentUrl\":\"https:\/\/www.hotelalpi.com\/wp-content\/litespeed\/avatar\/4e8fe51ed6805ab8683e7c844867b96e.jpg?ver=1777632698\",\"caption\":\"sviluppatore\"}}]}<\/script>\n<!-- \/ Yoast SEO plugin. -->","yoast_head_json":{"title":"Unser Sommer in Rom - Hotel Alpi Roma","robots":{"index":"index","follow":"follow","max-snippet":"max-snippet:-1","max-image-preview":"max-image-preview:large","max-video-preview":"max-video-preview:-1"},"canonical":"https:\/\/www.hotelalpi.com\/de\/unser-sommer-in-rom\/","og_locale":"de_DE","og_type":"article","og_title":"Unser Sommer in Rom - Hotel Alpi Roma","og_description":"Wir verabschieden uns von einem ungew\u00f6hnlichen &lt;strong&gt; Sommer in Rom &lt;\/ strong&gt; Es war ein wirklich ungew\u00f6hnlicher Sommer in Rom. Noch ein paar Tage und der wundervolle r\u00f6mische Herbst wird mit seinem einzigartigen Charme von Farben, Sonnenunterg\u00e4ngen und jenen melancholischen und romantischen Atmosph\u00e4ren, die nur Rom anziehen kann, die Oberhand gewinnen. Ein Sommer in Rom, [&hellip;]","og_url":"https:\/\/www.hotelalpi.com\/de\/unser-sommer-in-rom\/","og_site_name":"Hotel Alpi Roma","article_published_time":"2020-09-28T10:40:57+00:00","article_modified_time":"2022-07-18T08:46:07+00:00","og_image":[{"width":1803,"height":872,"url":"https:\/\/www.hotelalpi.com\/wp-content\/uploads\/2022\/04\/header.jpg","type":"image\/jpeg"}],"author":"sviluppatore","twitter_card":"summary_large_image","twitter_misc":{"Verfasst von":"sviluppatore","Gesch\u00e4tzte Lesezeit":"2\u00a0Minuten"},"schema":{"@context":"https:\/\/schema.org","@graph":[{"@type":"Article","@id":"https:\/\/www.hotelalpi.com\/de\/unser-sommer-in-rom\/#article","isPartOf":{"@id":"https:\/\/www.hotelalpi.com\/de\/unser-sommer-in-rom\/"},"author":{"name":"sviluppatore","@id":"https:\/\/www.hotelalpi.com\/de\/#\/schema\/person\/a67177dbfe8ef96e576e2134dad001b2"},"headline":"Unser Sommer in Rom","datePublished":"2020-09-28T10:40:57+00:00","dateModified":"2022-07-18T08:46:07+00:00","mainEntityOfPage":{"@id":"https:\/\/www.hotelalpi.com\/de\/unser-sommer-in-rom\/"},"wordCount":352,"publisher":{"@id":"https:\/\/www.hotelalpi.com\/de\/#organization"},"image":{"@id":"https:\/\/www.hotelalpi.com\/de\/unser-sommer-in-rom\/#primaryimage"},"thumbnailUrl":"https:\/\/www.hotelalpi.com\/wp-content\/uploads\/2022\/04\/header.jpg","articleSection":["Unkategorisiert"],"inLanguage":"de"},{"@type":"WebPage","@id":"https:\/\/www.hotelalpi.com\/de\/unser-sommer-in-rom\/","url":"https:\/\/www.hotelalpi.com\/de\/unser-sommer-in-rom\/","name":"Unser Sommer in Rom - Hotel Alpi Roma","isPartOf":{"@id":"https:\/\/www.hotelalpi.com\/de\/#website"},"primaryImageOfPage":{"@id":"https:\/\/www.hotelalpi.com\/de\/unser-sommer-in-rom\/#primaryimage"},"image":{"@id":"https:\/\/www.hotelalpi.com\/de\/unser-sommer-in-rom\/#primaryimage"},"thumbnailUrl":"https:\/\/www.hotelalpi.com\/wp-content\/uploads\/2022\/04\/header.jpg","datePublished":"2020-09-28T10:40:57+00:00","dateModified":"2022-07-18T08:46:07+00:00","breadcrumb":{"@id":"https:\/\/www.hotelalpi.com\/de\/unser-sommer-in-rom\/#breadcrumb"},"inLanguage":"de","potentialAction":[{"@type":"ReadAction","target":["https:\/\/www.hotelalpi.com\/de\/unser-sommer-in-rom\/"]}]},{"@type":"ImageObject","inLanguage":"de","@id":"https:\/\/www.hotelalpi.com\/de\/unser-sommer-in-rom\/#primaryimage","url":"https:\/\/www.hotelalpi.com\/wp-content\/uploads\/2022\/04\/header.jpg","contentUrl":"https:\/\/www.hotelalpi.com\/wp-content\/uploads\/2022\/04\/header.jpg","width":1803,"height":872},{"@type":"BreadcrumbList","@id":"https:\/\/www.hotelalpi.com\/de\/unser-sommer-in-rom\/#breadcrumb","itemListElement":[{"@type":"ListItem","position":1,"name":"Home","item":"https:\/\/www.hotelalpi.com\/de\/"},{"@type":"ListItem","position":2,"name":"Unser Sommer in Rom"}]},{"@type":"WebSite","@id":"https:\/\/www.hotelalpi.com\/de\/#website","url":"https:\/\/www.hotelalpi.com\/de\/","name":"Hotel Alpi Roma","description":"","publisher":{"@id":"https:\/\/www.hotelalpi.com\/de\/#organization"},"potentialAction":[{"@type":"SearchAction","target":{"@type":"EntryPoint","urlTemplate":"https:\/\/www.hotelalpi.com\/de\/?s={search_term_string}"},"query-input":{"@type":"PropertyValueSpecification","valueRequired":true,"valueName":"search_term_string"}}],"inLanguage":"de"},{"@type":"Organization","@id":"https:\/\/www.hotelalpi.com\/de\/#organization","name":"Hotel Alpi Roma","url":"https:\/\/www.hotelalpi.com\/de\/","logo":{"@type":"ImageObject","inLanguage":"de","@id":"https:\/\/www.hotelalpi.com\/de\/#\/schema\/logo\/image\/","url":"https:\/\/www.hotelalpi.com\/wp-content\/uploads\/2020\/09\/logo_alpihotel.png","contentUrl":"https:\/\/www.hotelalpi.com\/wp-content\/uploads\/2020\/09\/logo_alpihotel.png","width":118,"height":98,"caption":"Hotel Alpi Roma"},"image":{"@id":"https:\/\/www.hotelalpi.com\/de\/#\/schema\/logo\/image\/"}},{"@type":"Person","@id":"https:\/\/www.hotelalpi.com\/de\/#\/schema\/person\/a67177dbfe8ef96e576e2134dad001b2","name":"sviluppatore","image":{"@type":"ImageObject","inLanguage":"de","@id":"https:\/\/www.hotelalpi.com\/de\/#\/schema\/person\/image\/","url":"https:\/\/www.hotelalpi.com\/wp-content\/litespeed\/avatar\/4e8fe51ed6805ab8683e7c844867b96e.jpg?ver=1777632698","contentUrl":"https:\/\/www.hotelalpi.com\/wp-content\/litespeed\/avatar\/4e8fe51ed6805ab8683e7c844867b96e.jpg?ver=1777632698","caption":"sviluppatore"}}]}},"_links":{"self":[{"href":"https:\/\/www.hotelalpi.com\/de\/wp-json\/wp\/v2\/posts\/3876","targetHints":{"allow":["GET"]}}],"collection":[{"href":"https:\/\/www.hotelalpi.com\/de\/wp-json\/wp\/v2\/posts"}],"about":[{"href":"https:\/\/www.hotelalpi.com\/de\/wp-json\/wp\/v2\/types\/post"}],"author":[{"embeddable":true,"href":"https:\/\/www.hotelalpi.com\/de\/wp-json\/wp\/v2\/users\/2"}],"replies":[{"embeddable":true,"href":"https:\/\/www.hotelalpi.com\/de\/wp-json\/wp\/v2\/comments?post=3876"}],"version-history":[{"count":2,"href":"https:\/\/www.hotelalpi.com\/de\/wp-json\/wp\/v2\/posts\/3876\/revisions"}],"predecessor-version":[{"id":8101,"href":"https:\/\/www.hotelalpi.com\/de\/wp-json\/wp\/v2\/posts\/3876\/revisions\/8101"}],"wp:featuredmedia":[{"embeddable":true,"href":"https:\/\/www.hotelalpi.com\/de\/wp-json\/wp\/v2\/media\/3870"}],"wp:attachment":[{"href":"https:\/\/www.hotelalpi.com\/de\/wp-json\/wp\/v2\/media?parent=3876"}],"wp:term":[{"taxonomy":"category","embeddable":true,"href":"https:\/\/www.hotelalpi.com\/de\/wp-json\/wp\/v2\/categories?post=3876"},{"taxonomy":"post_tag","embeddable":true,"href":"https:\/\/www.hotelalpi.com\/de\/wp-json\/wp\/v2\/tags?post=3876"}],"curies":[{"name":"wp","href":"https:\/\/api.w.org\/{rel}","templated":true}]}}