{"id":3814,"date":"2020-01-14T10:21:32","date_gmt":"2020-01-14T10:21:32","guid":{"rendered":"https:\/\/hotelalpi.com\/raffaellos-ausstellung-in-rom\/"},"modified":"2022-07-18T08:50:55","modified_gmt":"2022-07-18T08:50:55","slug":"raffaellos-ausstellung-in-rom","status":"publish","type":"post","link":"https:\/\/www.hotelalpi.com\/de\/raffaellos-ausstellung-in-rom\/","title":{"rendered":"Raffaellos Ausstellung in Rom"},"content":{"rendered":"<p>Eine der beeindruckendsten Raphael gewidmeten Ausstellungen wird vom 5. M\u00e4rz bis 2. Juni in Rom in der Scuderie del Quirinale er\u00f6ffnet.<\/p>\n<p>Eine einmalige Gelegenheit, die die Arbeit italienischer und internationaler Museen erm\u00f6glicht, darunter der Louvre in Paris, die Nationalgalerie in London, der Prado in Madrid und mehrere italienische Museen wie die Uffizien, die Pinacoteca di Bologna und viele andere, die bereichern werden die Ausstellung mit seinen eigenen Meisterwerken von Raphael.<\/p>\n<p><a href=\"https:\/\/www.hotelalpi.com\/wp-content\/uploads\/2020\/01\/mostra_raffaello_roma.jpg\" data-lbwps-width=\"800\" data-lbwps-height=\"548\" data-lbwps-srcsmall=\"https:\/\/www.hotelalpi.com\/wp-content\/uploads\/2020\/01\/mostra_raffaello_roma-300x206.jpg\"> <img decoding=\"async\" class=\"img-responsive Gr\u00f6\u00dfe-full wp-image-3362\" src=\" https:\/\/www.hotelalpi.com\/wp-content\/uploads\/2020\/01\/mostra_raffaello_roma.jpg \" alt=\" Mostra_raffaello_roma \"> <\/a><\/p>\n<p>Die Ausstellung zeigt 200 Meisterwerke des Malersymbols der Renaissance anl\u00e4sslich des Weltfests zum 500. Todestag, der am 6. April 1520 in Rom stattfand und erst 37 Jahre alt war.<\/p>\n<p>Raffaello Sanzio, allgemein bekannt als Raffaello, wurde in Urbino, Umbrien, geboren, das in jenen Jahren im Zentrum der m\u00e4chtigen Renaissance-Revolution stand, die die ganze Welt pr\u00e4gte. In Umbrien hatte er die M\u00f6glichkeit, K\u00fcnstler wie Piero della Francesca zu studieren, um dann in die Schule von Perugino zu gelangen. Raphael arbeitete mit gro\u00dfem Erfolg in ganz Italien, bevor er Anfang des 16. Jahrhunderts nach Rom kam. Dies wurde von Papst Julius II. Auf Vorschlag von Bramante gerufen, der zusammen mit Michelangelo bereits den p\u00e4pstlichen Hof bereicherte.<\/p>\n<p><a href=\"https:\/\/www.hotelalpi.com\/wp-content\/uploads\/2020\/01\/Rome_exhibition_raffaello.jpg\" data-lbwps-width=\"800\" data-lbwps-height=\"548\" data-lbwps-srcsmall=\"https:\/\/www.hotelalpi.com\/wp-content\/uploads\/2020\/01\/Rome_exhibition_raffaello-300x206.jpg\"> <img decoding=\"async\" class=\"img-responsive Gr\u00f6\u00dfe-full wp-image-3363\" src=\" https:\/\/www.hotelalpi.com\/wp-content\/uploads\/2020\/01\/Rome_exhibition_raffaello.jpg \" alt=\" Rome_exhibition_raffaello \"> <\/a><\/p>\n<p>Unter den vielen Werken Raffaels gab es auch die Zusammenarbeit f\u00fcr die Basilika San Pietro und viele ber\u00fchmte r\u00f6mische Pal\u00e4ste.<\/p>\n<p><a href=\"https:\/\/www.hotelalpi.com\/wp-content\/uploads\/2020\/01\/Raffaello_Sanzio_rome.jpg\" data-lbwps-width=\"800\" data-lbwps-height=\"548\" data-lbwps-srcsmall=\"https:\/\/www.hotelalpi.com\/wp-content\/uploads\/2020\/01\/Raffaello_Sanzio_rome-300x206.jpg\"> <img decoding=\"async\" class=\"img-responsive Gr\u00f6\u00dfe-full wp-image-3364\" src=\" https:\/\/www.hotelalpi.com\/wp-content\/uploads\/2020\/01\/Raffaello_Sanzio_rome.jpg \" alt=\" Raffaello_Sanzio_rome \"> <\/a><\/p>\n<p>Wir im Boutique Hotel Alpi m\u00f6chten mit Ihnen 500 Jahre seit Raffaels Tod feiern. Die Quirinale-St\u00e4lle sind ganz in der N\u00e4he unseres Hotels und Termini. Buchen Sie jetzt Ihren Besuch und merken Sie sich unseren Gutscheincode &#8222;AlpiRoma&#8220;, um den besten online verf\u00fcgbaren Preis zu erhalten.<\/p>\n<p>Wir sehen uns dort! Es lebe Raffaello.<\/p>\n","protected":false},"excerpt":{"rendered":"<p>Eine der beeindruckendsten Raphael gewidmeten Ausstellungen wird vom 5. M\u00e4rz bis 2. Juni in Rom in der Scuderie del Quirinale er\u00f6ffnet. Eine einmalige Gelegenheit, die die Arbeit italienischer und internationaler Museen erm\u00f6glicht, darunter der Louvre in Paris, die Nationalgalerie in London, der Prado in Madrid und mehrere italienische Museen wie die Uffizien, die Pinacoteca di [&hellip;]<\/p>\n","protected":false},"author":2,"featured_media":3812,"comment_status":"closed","ping_status":"closed","sticky":false,"template":"","format":"standard","meta":{"_acf_changed":false,"footnotes":""},"categories":[71],"tags":[],"class_list":["post-3814","post","type-post","status-publish","format-standard","has-post-thumbnail","hentry","category-unkategorisiert"],"acf":[],"yoast_head":"<!-- This site is optimized with the Yoast SEO plugin v25.3.1 - https:\/\/yoast.com\/wordpress\/plugins\/seo\/ -->\n<title>Raffaellos Ausstellung in Rom - Hotel Alpi Roma<\/title>\n<meta name=\"robots\" content=\"index, follow, max-snippet:-1, max-image-preview:large, max-video-preview:-1\" \/>\n<link rel=\"canonical\" href=\"https:\/\/www.hotelalpi.com\/de\/raffaellos-ausstellung-in-rom\/\" \/>\n<meta property=\"og:locale\" content=\"de_DE\" \/>\n<meta property=\"og:type\" content=\"article\" \/>\n<meta property=\"og:title\" content=\"Raffaellos Ausstellung in Rom - Hotel Alpi Roma\" \/>\n<meta property=\"og:description\" content=\"Eine der beeindruckendsten Raphael gewidmeten Ausstellungen wird vom 5. M\u00e4rz bis 2. Juni in Rom in der Scuderie del Quirinale er\u00f6ffnet. Eine einmalige Gelegenheit, die die Arbeit italienischer und internationaler Museen erm\u00f6glicht, darunter der Louvre in Paris, die Nationalgalerie in London, der Prado in Madrid und mehrere italienische Museen wie die Uffizien, die Pinacoteca di [&hellip;]\" \/>\n<meta property=\"og:url\" content=\"https:\/\/www.hotelalpi.com\/de\/raffaellos-ausstellung-in-rom\/\" \/>\n<meta property=\"og:site_name\" content=\"Hotel Alpi Roma\" \/>\n<meta property=\"article:published_time\" content=\"2020-01-14T10:21:32+00:00\" \/>\n<meta property=\"article:modified_time\" content=\"2022-07-18T08:50:55+00:00\" \/>\n<meta property=\"og:image\" content=\"https:\/\/www.hotelalpi.com\/wp-content\/uploads\/2022\/04\/Raffaello_a_roma.jpg\" \/>\n\t<meta property=\"og:image:width\" content=\"1628\" \/>\n\t<meta property=\"og:image:height\" content=\"816\" \/>\n\t<meta property=\"og:image:type\" content=\"image\/jpeg\" \/>\n<meta name=\"author\" content=\"sviluppatore\" \/>\n<meta name=\"twitter:card\" content=\"summary_large_image\" \/>\n<meta name=\"twitter:label1\" content=\"Verfasst von\" \/>\n\t<meta name=\"twitter:data1\" content=\"sviluppatore\" \/>\n\t<meta name=\"twitter:label2\" content=\"Gesch\u00e4tzte Lesezeit\" \/>\n\t<meta name=\"twitter:data2\" content=\"1\u00a0Minute\" \/>\n<script type=\"application\/ld+json\" class=\"yoast-schema-graph\">{\"@context\":\"https:\/\/schema.org\",\"@graph\":[{\"@type\":\"Article\",\"@id\":\"https:\/\/www.hotelalpi.com\/de\/raffaellos-ausstellung-in-rom\/#article\",\"isPartOf\":{\"@id\":\"https:\/\/www.hotelalpi.com\/de\/raffaellos-ausstellung-in-rom\/\"},\"author\":{\"name\":\"sviluppatore\",\"@id\":\"https:\/\/www.hotelalpi.com\/de\/#\/schema\/person\/a67177dbfe8ef96e576e2134dad001b2\"},\"headline\":\"Raffaellos Ausstellung in Rom\",\"datePublished\":\"2020-01-14T10:21:32+00:00\",\"dateModified\":\"2022-07-18T08:50:55+00:00\",\"mainEntityOfPage\":{\"@id\":\"https:\/\/www.hotelalpi.com\/de\/raffaellos-ausstellung-in-rom\/\"},\"wordCount\":269,\"publisher\":{\"@id\":\"https:\/\/www.hotelalpi.com\/de\/#organization\"},\"image\":{\"@id\":\"https:\/\/www.hotelalpi.com\/de\/raffaellos-ausstellung-in-rom\/#primaryimage\"},\"thumbnailUrl\":\"https:\/\/www.hotelalpi.com\/wp-content\/uploads\/2022\/04\/Raffaello_a_roma.jpg\",\"articleSection\":[\"Unkategorisiert\"],\"inLanguage\":\"de\"},{\"@type\":\"WebPage\",\"@id\":\"https:\/\/www.hotelalpi.com\/de\/raffaellos-ausstellung-in-rom\/\",\"url\":\"https:\/\/www.hotelalpi.com\/de\/raffaellos-ausstellung-in-rom\/\",\"name\":\"Raffaellos Ausstellung in Rom - Hotel Alpi Roma\",\"isPartOf\":{\"@id\":\"https:\/\/www.hotelalpi.com\/de\/#website\"},\"primaryImageOfPage\":{\"@id\":\"https:\/\/www.hotelalpi.com\/de\/raffaellos-ausstellung-in-rom\/#primaryimage\"},\"image\":{\"@id\":\"https:\/\/www.hotelalpi.com\/de\/raffaellos-ausstellung-in-rom\/#primaryimage\"},\"thumbnailUrl\":\"https:\/\/www.hotelalpi.com\/wp-content\/uploads\/2022\/04\/Raffaello_a_roma.jpg\",\"datePublished\":\"2020-01-14T10:21:32+00:00\",\"dateModified\":\"2022-07-18T08:50:55+00:00\",\"breadcrumb\":{\"@id\":\"https:\/\/www.hotelalpi.com\/de\/raffaellos-ausstellung-in-rom\/#breadcrumb\"},\"inLanguage\":\"de\",\"potentialAction\":[{\"@type\":\"ReadAction\",\"target\":[\"https:\/\/www.hotelalpi.com\/de\/raffaellos-ausstellung-in-rom\/\"]}]},{\"@type\":\"ImageObject\",\"inLanguage\":\"de\",\"@id\":\"https:\/\/www.hotelalpi.com\/de\/raffaellos-ausstellung-in-rom\/#primaryimage\",\"url\":\"https:\/\/www.hotelalpi.com\/wp-content\/uploads\/2022\/04\/Raffaello_a_roma.jpg\",\"contentUrl\":\"https:\/\/www.hotelalpi.com\/wp-content\/uploads\/2022\/04\/Raffaello_a_roma.jpg\",\"width\":1628,\"height\":816},{\"@type\":\"BreadcrumbList\",\"@id\":\"https:\/\/www.hotelalpi.com\/de\/raffaellos-ausstellung-in-rom\/#breadcrumb\",\"itemListElement\":[{\"@type\":\"ListItem\",\"position\":1,\"name\":\"Home\",\"item\":\"https:\/\/www.hotelalpi.com\/de\/\"},{\"@type\":\"ListItem\",\"position\":2,\"name\":\"Raffaellos Ausstellung in Rom\"}]},{\"@type\":\"WebSite\",\"@id\":\"https:\/\/www.hotelalpi.com\/de\/#website\",\"url\":\"https:\/\/www.hotelalpi.com\/de\/\",\"name\":\"Hotel Alpi Roma\",\"description\":\"\",\"publisher\":{\"@id\":\"https:\/\/www.hotelalpi.com\/de\/#organization\"},\"potentialAction\":[{\"@type\":\"SearchAction\",\"target\":{\"@type\":\"EntryPoint\",\"urlTemplate\":\"https:\/\/www.hotelalpi.com\/de\/?s={search_term_string}\"},\"query-input\":{\"@type\":\"PropertyValueSpecification\",\"valueRequired\":true,\"valueName\":\"search_term_string\"}}],\"inLanguage\":\"de\"},{\"@type\":\"Organization\",\"@id\":\"https:\/\/www.hotelalpi.com\/de\/#organization\",\"name\":\"Hotel Alpi Roma\",\"url\":\"https:\/\/www.hotelalpi.com\/de\/\",\"logo\":{\"@type\":\"ImageObject\",\"inLanguage\":\"de\",\"@id\":\"https:\/\/www.hotelalpi.com\/de\/#\/schema\/logo\/image\/\",\"url\":\"https:\/\/www.hotelalpi.com\/wp-content\/uploads\/2020\/09\/logo_alpihotel.png\",\"contentUrl\":\"https:\/\/www.hotelalpi.com\/wp-content\/uploads\/2020\/09\/logo_alpihotel.png\",\"width\":118,\"height\":98,\"caption\":\"Hotel Alpi Roma\"},\"image\":{\"@id\":\"https:\/\/www.hotelalpi.com\/de\/#\/schema\/logo\/image\/\"}},{\"@type\":\"Person\",\"@id\":\"https:\/\/www.hotelalpi.com\/de\/#\/schema\/person\/a67177dbfe8ef96e576e2134dad001b2\",\"name\":\"sviluppatore\",\"image\":{\"@type\":\"ImageObject\",\"inLanguage\":\"de\",\"@id\":\"https:\/\/www.hotelalpi.com\/de\/#\/schema\/person\/image\/\",\"url\":\"https:\/\/www.hotelalpi.com\/wp-content\/litespeed\/avatar\/4e8fe51ed6805ab8683e7c844867b96e.jpg?ver=1777632698\",\"contentUrl\":\"https:\/\/www.hotelalpi.com\/wp-content\/litespeed\/avatar\/4e8fe51ed6805ab8683e7c844867b96e.jpg?ver=1777632698\",\"caption\":\"sviluppatore\"}}]}<\/script>\n<!-- \/ Yoast SEO plugin. -->","yoast_head_json":{"title":"Raffaellos Ausstellung in Rom - Hotel Alpi Roma","robots":{"index":"index","follow":"follow","max-snippet":"max-snippet:-1","max-image-preview":"max-image-preview:large","max-video-preview":"max-video-preview:-1"},"canonical":"https:\/\/www.hotelalpi.com\/de\/raffaellos-ausstellung-in-rom\/","og_locale":"de_DE","og_type":"article","og_title":"Raffaellos Ausstellung in Rom - Hotel Alpi Roma","og_description":"Eine der beeindruckendsten Raphael gewidmeten Ausstellungen wird vom 5. M\u00e4rz bis 2. Juni in Rom in der Scuderie del Quirinale er\u00f6ffnet. Eine einmalige Gelegenheit, die die Arbeit italienischer und internationaler Museen erm\u00f6glicht, darunter der Louvre in Paris, die Nationalgalerie in London, der Prado in Madrid und mehrere italienische Museen wie die Uffizien, die Pinacoteca di [&hellip;]","og_url":"https:\/\/www.hotelalpi.com\/de\/raffaellos-ausstellung-in-rom\/","og_site_name":"Hotel Alpi Roma","article_published_time":"2020-01-14T10:21:32+00:00","article_modified_time":"2022-07-18T08:50:55+00:00","og_image":[{"width":1628,"height":816,"url":"https:\/\/www.hotelalpi.com\/wp-content\/uploads\/2022\/04\/Raffaello_a_roma.jpg","type":"image\/jpeg"}],"author":"sviluppatore","twitter_card":"summary_large_image","twitter_misc":{"Verfasst von":"sviluppatore","Gesch\u00e4tzte Lesezeit":"1\u00a0Minute"},"schema":{"@context":"https:\/\/schema.org","@graph":[{"@type":"Article","@id":"https:\/\/www.hotelalpi.com\/de\/raffaellos-ausstellung-in-rom\/#article","isPartOf":{"@id":"https:\/\/www.hotelalpi.com\/de\/raffaellos-ausstellung-in-rom\/"},"author":{"name":"sviluppatore","@id":"https:\/\/www.hotelalpi.com\/de\/#\/schema\/person\/a67177dbfe8ef96e576e2134dad001b2"},"headline":"Raffaellos Ausstellung in Rom","datePublished":"2020-01-14T10:21:32+00:00","dateModified":"2022-07-18T08:50:55+00:00","mainEntityOfPage":{"@id":"https:\/\/www.hotelalpi.com\/de\/raffaellos-ausstellung-in-rom\/"},"wordCount":269,"publisher":{"@id":"https:\/\/www.hotelalpi.com\/de\/#organization"},"image":{"@id":"https:\/\/www.hotelalpi.com\/de\/raffaellos-ausstellung-in-rom\/#primaryimage"},"thumbnailUrl":"https:\/\/www.hotelalpi.com\/wp-content\/uploads\/2022\/04\/Raffaello_a_roma.jpg","articleSection":["Unkategorisiert"],"inLanguage":"de"},{"@type":"WebPage","@id":"https:\/\/www.hotelalpi.com\/de\/raffaellos-ausstellung-in-rom\/","url":"https:\/\/www.hotelalpi.com\/de\/raffaellos-ausstellung-in-rom\/","name":"Raffaellos Ausstellung in Rom - Hotel Alpi Roma","isPartOf":{"@id":"https:\/\/www.hotelalpi.com\/de\/#website"},"primaryImageOfPage":{"@id":"https:\/\/www.hotelalpi.com\/de\/raffaellos-ausstellung-in-rom\/#primaryimage"},"image":{"@id":"https:\/\/www.hotelalpi.com\/de\/raffaellos-ausstellung-in-rom\/#primaryimage"},"thumbnailUrl":"https:\/\/www.hotelalpi.com\/wp-content\/uploads\/2022\/04\/Raffaello_a_roma.jpg","datePublished":"2020-01-14T10:21:32+00:00","dateModified":"2022-07-18T08:50:55+00:00","breadcrumb":{"@id":"https:\/\/www.hotelalpi.com\/de\/raffaellos-ausstellung-in-rom\/#breadcrumb"},"inLanguage":"de","potentialAction":[{"@type":"ReadAction","target":["https:\/\/www.hotelalpi.com\/de\/raffaellos-ausstellung-in-rom\/"]}]},{"@type":"ImageObject","inLanguage":"de","@id":"https:\/\/www.hotelalpi.com\/de\/raffaellos-ausstellung-in-rom\/#primaryimage","url":"https:\/\/www.hotelalpi.com\/wp-content\/uploads\/2022\/04\/Raffaello_a_roma.jpg","contentUrl":"https:\/\/www.hotelalpi.com\/wp-content\/uploads\/2022\/04\/Raffaello_a_roma.jpg","width":1628,"height":816},{"@type":"BreadcrumbList","@id":"https:\/\/www.hotelalpi.com\/de\/raffaellos-ausstellung-in-rom\/#breadcrumb","itemListElement":[{"@type":"ListItem","position":1,"name":"Home","item":"https:\/\/www.hotelalpi.com\/de\/"},{"@type":"ListItem","position":2,"name":"Raffaellos Ausstellung in Rom"}]},{"@type":"WebSite","@id":"https:\/\/www.hotelalpi.com\/de\/#website","url":"https:\/\/www.hotelalpi.com\/de\/","name":"Hotel Alpi Roma","description":"","publisher":{"@id":"https:\/\/www.hotelalpi.com\/de\/#organization"},"potentialAction":[{"@type":"SearchAction","target":{"@type":"EntryPoint","urlTemplate":"https:\/\/www.hotelalpi.com\/de\/?s={search_term_string}"},"query-input":{"@type":"PropertyValueSpecification","valueRequired":true,"valueName":"search_term_string"}}],"inLanguage":"de"},{"@type":"Organization","@id":"https:\/\/www.hotelalpi.com\/de\/#organization","name":"Hotel Alpi Roma","url":"https:\/\/www.hotelalpi.com\/de\/","logo":{"@type":"ImageObject","inLanguage":"de","@id":"https:\/\/www.hotelalpi.com\/de\/#\/schema\/logo\/image\/","url":"https:\/\/www.hotelalpi.com\/wp-content\/uploads\/2020\/09\/logo_alpihotel.png","contentUrl":"https:\/\/www.hotelalpi.com\/wp-content\/uploads\/2020\/09\/logo_alpihotel.png","width":118,"height":98,"caption":"Hotel Alpi Roma"},"image":{"@id":"https:\/\/www.hotelalpi.com\/de\/#\/schema\/logo\/image\/"}},{"@type":"Person","@id":"https:\/\/www.hotelalpi.com\/de\/#\/schema\/person\/a67177dbfe8ef96e576e2134dad001b2","name":"sviluppatore","image":{"@type":"ImageObject","inLanguage":"de","@id":"https:\/\/www.hotelalpi.com\/de\/#\/schema\/person\/image\/","url":"https:\/\/www.hotelalpi.com\/wp-content\/litespeed\/avatar\/4e8fe51ed6805ab8683e7c844867b96e.jpg?ver=1777632698","contentUrl":"https:\/\/www.hotelalpi.com\/wp-content\/litespeed\/avatar\/4e8fe51ed6805ab8683e7c844867b96e.jpg?ver=1777632698","caption":"sviluppatore"}}]}},"_links":{"self":[{"href":"https:\/\/www.hotelalpi.com\/de\/wp-json\/wp\/v2\/posts\/3814","targetHints":{"allow":["GET"]}}],"collection":[{"href":"https:\/\/www.hotelalpi.com\/de\/wp-json\/wp\/v2\/posts"}],"about":[{"href":"https:\/\/www.hotelalpi.com\/de\/wp-json\/wp\/v2\/types\/post"}],"author":[{"embeddable":true,"href":"https:\/\/www.hotelalpi.com\/de\/wp-json\/wp\/v2\/users\/2"}],"replies":[{"embeddable":true,"href":"https:\/\/www.hotelalpi.com\/de\/wp-json\/wp\/v2\/comments?post=3814"}],"version-history":[{"count":2,"href":"https:\/\/www.hotelalpi.com\/de\/wp-json\/wp\/v2\/posts\/3814\/revisions"}],"predecessor-version":[{"id":8105,"href":"https:\/\/www.hotelalpi.com\/de\/wp-json\/wp\/v2\/posts\/3814\/revisions\/8105"}],"wp:featuredmedia":[{"embeddable":true,"href":"https:\/\/www.hotelalpi.com\/de\/wp-json\/wp\/v2\/media\/3812"}],"wp:attachment":[{"href":"https:\/\/www.hotelalpi.com\/de\/wp-json\/wp\/v2\/media?parent=3814"}],"wp:term":[{"taxonomy":"category","embeddable":true,"href":"https:\/\/www.hotelalpi.com\/de\/wp-json\/wp\/v2\/categories?post=3814"},{"taxonomy":"post_tag","embeddable":true,"href":"https:\/\/www.hotelalpi.com\/de\/wp-json\/wp\/v2\/tags?post=3814"}],"curies":[{"name":"wp","href":"https:\/\/api.w.org\/{rel}","templated":true}]}}